{"id":22163,"date":"2013-05-10T17:31:56","date_gmt":"2013-05-10T17:31:56","guid":{"rendered":"http:\/\/www.hoymercedes.com.ar\/principal\/?p=22163"},"modified":"2013-05-10T17:31:56","modified_gmt":"2013-05-10T17:31:56","slug":"principi-anuncio-reapertura-de-la-internacion-pediatrica","status":"publish","type":"post","link":"https:\/\/www.hoymercedes.com.ar\/principal\/2013\/05\/10\/principi-anuncio-reapertura-de-la-internacion-pediatrica\/","title":{"rendered":"Principi anunci\u00f3 reapertura de la internaci\u00f3n pedi\u00e1trica"},"content":{"rendered":"<figure id=\"attachment_22165\" aria-describedby=\"caption-attachment-22165\" style=\"width: 610px\" class=\"wp-caption aligncenter\"><a href=\"https:\/\/www.hoymercedes.com.ar\/principal\/wp-content\/uploads\/2013\/05\/principi-rodolfo.jpg\"><img loading=\"lazy\" decoding=\"async\" data-attachment-id=\"22165\" data-permalink=\"https:\/\/www.hoymercedes.com.ar\/principal\/2013\/05\/10\/principi-anuncio-reapertura-de-la-internacion-pediatrica\/principi-rodolfo\/#main\" data-orig-file=\"https:\/\/www.hoymercedes.com.ar\/principal\/wp-content\/uploads\/2013\/05\/principi-rodolfo.jpg\" data-orig-size=\"620,193\" data-comments-opened=\"1\" data-image-meta=\"{&quot;aperture&quot;:&quot;0&quot;,&quot;credit&quot;:&quot;&quot;,&quot;camera&quot;:&quot;&quot;,&quot;caption&quot;:&quot;&quot;,&quot;created_timestamp&quot;:&quot;0&quot;,&quot;copyright&quot;:&quot;&quot;,&quot;focal_length&quot;:&quot;0&quot;,&quot;iso&quot;:&quot;0&quot;,&quot;shutter_speed&quot;:&quot;0&quot;,&quot;title&quot;:&quot;&quot;}\" data-image-title=\"principi-rodolfo\" data-image-description=\"\" data-image-caption=\"&lt;p&gt;Fito Pr\u00ecncipi anuncia reapertura de internaci\u00f2n pedi\u00e0trica&lt;\/p&gt;\n\" data-large-file=\"https:\/\/www.hoymercedes.com.ar\/principal\/wp-content\/uploads\/2013\/05\/principi-rodolfo.jpg\" class=\"size-full wp-image-22165\" alt=\"Fito Pr\u00ecncipi anuncia reapertura de internaci\u00f2n pedi\u00e0trica\" src=\"https:\/\/www.hoymercedes.com.ar\/principal\/wp-content\/uploads\/2013\/05\/principi-rodolfo.jpg\" width=\"620\" height=\"193\" \/><\/a><figcaption id=\"caption-attachment-22165\" class=\"wp-caption-text\">Fito Pr\u00ecncipi anuncia reapertura de internaci\u00f2n pedi\u00e0trica<\/figcaption><\/figure>\n<p><em><strong>El Director del Hospital local afirm\u00f3 que con la participaci\u00f3n de C\u00e1ngaro y Robles se abrir\u00e1 la internaci\u00f3n pedi\u00e1trica con el arribo de una soluci\u00f3n, a 48hs del anuncio del cierre, obtenida \u00abdesde casa\u00bb. Afirm\u00f3 tambi\u00e9n que cont\u00f3 con apoyo nacional y provincial.\u00a0<\/strong><\/em><\/p>\n<p>Rodolfo Principi hizo el anuncio sosteniendo: <em>\u201cQueremos informarle a la poblaci\u00f3n de que hemos conseguido que los doctores Carlos C\u00e1ngaro y Gustavo Robles se hagan cargo de lo que es la internaci\u00f3n pedi\u00e1trica, la acci\u00f3n de piso, los nacimientos, es decir, volvemos a foja cero. Es muy importante y destacable por parte de estos dos profesionales que se van a poner al horno este servicio que es m\u00e1s que importante y cr\u00edtico de una ciudad y un hospital, en este caso el hospital Dubarry as\u00ed que nuestro agradecimiento p\u00fablico y a las enfermeras y m\u00e9dicos del segundo piso que hicieron todo lo imposible para que esto siga funcionando y por supuesto al p\u00fablico en general por las incomodidades que hemos vivido. Esta soluci\u00f3n viene de intensa gestiones que se realizaron, la gente del Ministerio estuvo el d\u00eda mi\u00e9rcoles por medio del Doctor Ortiz representando al Doctor Coria, del Ministerio Nacional del Doctor Manzur ofreciendo todo lo que son los servicios de emergencia y hay que decir que esta soluci\u00f3n sali\u00f3 de casa, se puede decir, tenemos ahora consultorio de pediatr\u00eda de 08.00hs a 12.00hs con dos m\u00e9dicos generalistas con orientaci\u00f3n pedi\u00e1trica, en la planta alta, los d\u00edas viernes las 24 guardia con la Doctora Rapinese que viene de Chivilcoy y despu\u00e9s lo que es pisos y reci\u00e9n nacidos a cargo de los doctores Robles y Robles que se hacen cargo de la situaci\u00f3n hasta que se incorporen los pediatras que tienen carpeta m\u00e9dica y los que sean nuevos. De toda situaci\u00f3n de amenaza sale un nuevo horizonte. El Ministerio nos ha dado seis cargos para que cualquier pediatra que quiera sumarse tiene el cargo. M\u00e9dico de guardia de 36hs con un sueldo aproximado de 8mil pesos m\u00e1s un plus en caso de que vengan de afuera.\u201d<\/em><\/p>\n<p>Tambi\u00e9n tuvo su momento para lo pol\u00edtico, afirmando:\u00a0<i>\u201ctenemos una grata noticia ya que el Diputado Espa\u00f1a se reuni\u00f3 con el Ministro Manzur el cual se comunic\u00f3 con nosotros y anunci\u00f3 que est\u00e1 buscando desde Naci\u00f3n pediatras de residencias para que se incorporen al Dubarry. El gobernador Scioli nos puso todo a disposici\u00f3n as\u00ed que estamos m\u00e1s que agradecido a la poblaci\u00f3n y aquella gente que an\u00f3nimamente se acercaron a la cooperadora a ofrecer colaboraci\u00f3n, desde un peso a sumas importantes para poder traer pediatras los fines de semana. Muchas gracias en nombre de todos los que usan el hospital.\u201d <\/i>y respecto al municipio y las declaraciones de Maserio, comentando que la obra no era oportuna en este momento, concluy\u00f3:<\/p>\n<p><i>\u201ctiene un per\u00edodo de 120 d\u00edas, pero, vamos a tener para internar chicos, vamos a tener lugar, as\u00ed que no hay ning\u00fan problema, estamos otra vez en carrera, con todas las falencias que tiene un hospital p\u00fablico, pero la gente debe saber que esto ha sido r\u00e1pido junto a actores que han entendido que la salud pasa en un 80% por el Dubarry. No jugamos con la salud. El \u00faltimo mensaje: a aquellos que la han querido usar pol\u00edticamente mi m\u00e1s sentido p\u00e9same, porque la salud de los extra\u00f1os no se juega, quisiera saber si les toca en cuero propio que hubieran hecho. Por favor, apelemos nuevamente, seguridad, educaci\u00f3n y salud son pol\u00edticas de Estado, no dependen del humor de los pol\u00edticos de turno. Apelo a que nos juntemos y trabajemos. (&#8230;)<\/i><i>\u00a0Deben empezar y hacerse. Hay tiempos. Es cada vez mayor el costo si no se empieza. Si quieren recorrer pueden ver c\u00f3mo cambiar\u00e1 la salud del paciente. L\u00e1stima que la doctora no dijo c\u00f3mo podemos ayudar, ser oposici\u00f3n es f\u00e1cil, tendr\u00edan que haber dicho, por ejemplo, armamos en el CIC una internaci\u00f3n, pero no sucedi\u00f3. De dimes y diretes la gente est\u00e1 cansada. Vengan y vean. La Directora de Salud no es de la calle 12 para el otro lado, es de toda la ciudad, porque cuando van a las salas y est\u00e1n cerradas nosotros recibimos y atendemos, sin problemas. A la gente no le interesan las peleas, necesitan servicio. El municipio en lugar de colaborar no debe tirar del lazo para apretar a quien est\u00e1 en la conducci\u00f3n. La cooperadora tiene cuentas p\u00fablicas a nombre de la cooperadora, con balances p\u00fablicos, invito a que vengan, lo miren y dejen de decir te di o no.\u201d<\/i><\/p>\n","protected":false},"excerpt":{"rendered":"<p>El Director del Hospital local afirm\u00f3 que con la participaci\u00f3n de C\u00e1ngaro y Robles se abrir\u00e1 la internaci\u00f3n pedi\u00e1trica con &#8230; <a title=\"Principi anunci\u00f3 reapertura de la internaci\u00f3n pedi\u00e1trica\" class=\"read-more\" href=\"https:\/\/www.hoymercedes.com.ar\/principal\/2013\/05\/10\/principi-anuncio-reapertura-de-la-internacion-pediatrica\/\" aria-label=\"Leer m\u00e1s sobre Principi anunci\u00f3 reapertura de la internaci\u00f3n pedi\u00e1trica\">Leer m\u00e1s<\/a><\/p>\n","protected":false},"author":1,"featured_media":0,"comment_status":"open","ping_status":"open","sticky":false,"template":"","format":"standard","meta":{"_monsterinsights_skip_tracking":false,"_monsterinsights_sitenote_active":false,"_monsterinsights_sitenote_note":"","_monsterinsights_sitenote_category":0,"jetpack_post_was_ever_published":false,"_jetpack_newsletter_access":"","_jetpack_dont_email_post_to_subs":false,"_jetpack_newsletter_tier_id":0,"_jetpack_memberships_contains_paywalled_content":false,"_jetpack_memberships_contains_paid_content":false,"footnotes":"","jetpack_publicize_message":"","jetpack_publicize_feature_enabled":true,"jetpack_social_post_already_shared":true,"jetpack_social_options":{"image_generator_settings":{"template":"highway","default_image_id":0,"font":"","enabled":false},"version":2},"_wpas_customize_per_network":false},"categories":[5],"tags":[532,3453],"class_list":["post-22163","post","type-post","status-publish","format-standard","hentry","category-politica","tag-fito-principi","tag-internacion-pediatrica-mercedes","generate-columns","tablet-grid-50","mobile-grid-100","grid-parent","grid-50"],"jetpack_publicize_connections":[],"jetpack_featured_media_url":"","wps_subtitle":"","jetpack_sharing_enabled":true,"_links":{"self":[{"href":"https:\/\/www.hoymercedes.com.ar\/principal\/wp-json\/wp\/v2\/posts\/22163","targetHints":{"allow":["GET"]}}],"collection":[{"href":"https:\/\/www.hoymercedes.com.ar\/principal\/wp-json\/wp\/v2\/posts"}],"about":[{"href":"https:\/\/www.hoymercedes.com.ar\/principal\/wp-json\/wp\/v2\/types\/post"}],"author":[{"embeddable":true,"href":"https:\/\/www.hoymercedes.com.ar\/principal\/wp-json\/wp\/v2\/users\/1"}],"replies":[{"embeddable":true,"href":"https:\/\/www.hoymercedes.com.ar\/principal\/wp-json\/wp\/v2\/comments?post=22163"}],"version-history":[{"count":0,"href":"https:\/\/www.hoymercedes.com.ar\/principal\/wp-json\/wp\/v2\/posts\/22163\/revisions"}],"wp:attachment":[{"href":"https:\/\/www.hoymercedes.com.ar\/principal\/wp-json\/wp\/v2\/media?parent=22163"}],"wp:term":[{"taxonomy":"category","embeddable":true,"href":"https:\/\/www.hoymercedes.com.ar\/principal\/wp-json\/wp\/v2\/categories?post=22163"},{"taxonomy":"post_tag","embeddable":true,"href":"https:\/\/www.hoymercedes.com.ar\/principal\/wp-json\/wp\/v2\/tags?post=22163"}],"curies":[{"name":"wp","href":"https:\/\/api.w.org\/{rel}","templated":true}]}}