{"id":22177,"date":"2013-05-11T23:49:21","date_gmt":"2013-05-11T23:49:21","guid":{"rendered":"http:\/\/www.hoymercedes.com.ar\/principal\/?p=22177"},"modified":"2013-05-11T23:49:21","modified_gmt":"2013-05-11T23:49:21","slug":"albini-selva-y-ustarroz-ponen-en-riesgo-todo-el-tiempo-la-solucion-del-problema-habilitacion-en-la-ciudad","status":"publish","type":"post","link":"https:\/\/www.hoymercedes.com.ar\/principal\/2013\/05\/11\/albini-selva-y-ustarroz-ponen-en-riesgo-todo-el-tiempo-la-solucion-del-problema-habilitacion-en-la-ciudad\/","title":{"rendered":"Albini: \u201cSelva y Ustarroz ponen en riesgo, todo el tiempo, la soluci\u00f3n del problema habilitaci\u00f3n en la ciudad"},"content":{"rendered":"<p>(Por Semanario D\u00e9cadas) Desde la Uni\u00f3n C\u00edvica Radical de Mercedes hicieron p\u00fablico su pensamiento relacionado a las 250 viviendas del plan<a href=\"http:\/\/pro.cre.ar\/\" target=\"_blank\" rel=\"noopener\">Pro.Cre.Ar<\/a>, a traves de su presidente Oscar Albini. \u00abEl problema y el d\u00e9ficit de viviendas en Mercedes es cada vez mayor y vemos que, como en otros tantos temas, la soluci\u00f3n no aparece y como ejemplos claros tenemos los planes de 112 viviendas del barrio Rene Favaloro y el plan Procrear. Queremos que se construyan las 250 viviendas del plan Procrear, pero para esto hay que pensar en el futuro, e instalarlas en el lugar adecuado, analizando y estudiando muy bien en los servicios con los que cuentan los terrenos a utilizar. Insistimos hay que hacer las 250 viviendas, pero no con un fin electoral, a las apuradas, sin estudios previos. Hay que definir muy claramente qui\u00e9n se va a hacer cargo del tendido de energ\u00eda el\u00e9ctrica, tendido de gas natural, servicio de agua potable y desag\u00fces cloacales y pluviales.\u00bb<\/p>\n<p>Desde el comit\u00e9 insisten que la interna entre Selva y Ustarroz ponen en riesgo, todo el tiempo, la soluci\u00f3n del problema habilitaci\u00f3n en la ciudad. \u00abTenemos una gesti\u00f3n de gobierno justicialista que lleva 25 a\u00f1os de gobierno en la provincia de Buenos Aires y la salud est\u00e1 colapsada, la inseguridad aumenta d\u00eda a d\u00eda, el d\u00e9ficit de viviendas sigue creciendo y la educaci\u00f3n no cumple con su objetivo de formaci\u00f3n.\u00bb<\/p>\n<p>Albini tambi\u00e9n hizo referencia a las dificultades que se presentan en el Hospital. \u00abEs incre\u00edble como anuncian por los medios posible nombramiento de m\u00e1s de diez profesionales y a la semana se cierra pediatr\u00eda, y despu\u00e9s m\u00e1s anuncios, para ver quien se lleva los laureles de lo conseguido y quien carga con los fracasos. Ojal\u00e1 quienes tienen la responsabilidad de llevar el Hospital adelante se preocupe por la instituci\u00f3n y sus paciente, y no por las elecciones del agosto.\u00bb<\/p>\n","protected":false},"excerpt":{"rendered":"<p>(Por Semanario D\u00e9cadas) Desde la Uni\u00f3n C\u00edvica Radical de Mercedes hicieron p\u00fablico su pensamiento relacionado a las 250 viviendas del &#8230; <a title=\"Albini: \u201cSelva y Ustarroz ponen en riesgo, todo el tiempo, la soluci\u00f3n del problema habilitaci\u00f3n en la ciudad\" class=\"read-more\" href=\"https:\/\/www.hoymercedes.com.ar\/principal\/2013\/05\/11\/albini-selva-y-ustarroz-ponen-en-riesgo-todo-el-tiempo-la-solucion-del-problema-habilitacion-en-la-ciudad\/\" aria-label=\"Leer m\u00e1s sobre Albini: \u201cSelva y Ustarroz ponen en riesgo, todo el tiempo, la soluci\u00f3n del problema habilitaci\u00f3n en la ciudad\">Leer m\u00e1s<\/a><\/p>\n","protected":false},"author":1,"featured_media":0,"comment_status":"open","ping_status":"open","sticky":false,"template":"","format":"standard","meta":{"_monsterinsights_skip_tracking":false,"_monsterinsights_sitenote_active":false,"_monsterinsights_sitenote_note":"","_monsterinsights_sitenote_category":0,"jetpack_post_was_ever_published":false,"_jetpack_newsletter_access":"","_jetpack_dont_email_post_to_subs":false,"_jetpack_newsletter_tier_id":0,"_jetpack_memberships_contains_paywalled_content":false,"_jetpack_memberships_contains_paid_content":false,"footnotes":"","jetpack_publicize_message":"","jetpack_publicize_feature_enabled":true,"jetpack_social_post_already_shared":true,"jetpack_social_options":{"image_generator_settings":{"template":"highway","default_image_id":0,"font":"","enabled":false},"version":2},"_wpas_customize_per_network":false},"categories":[5],"tags":[2834,3435],"class_list":["post-22177","post","type-post","status-publish","format-standard","hentry","category-politica","tag-oscar-albini","tag-procrear","generate-columns","tablet-grid-50","mobile-grid-100","grid-parent","grid-50"],"jetpack_publicize_connections":[],"jetpack_featured_media_url":"","wps_subtitle":"","jetpack_sharing_enabled":true,"_links":{"self":[{"href":"https:\/\/www.hoymercedes.com.ar\/principal\/wp-json\/wp\/v2\/posts\/22177","targetHints":{"allow":["GET"]}}],"collection":[{"href":"https:\/\/www.hoymercedes.com.ar\/principal\/wp-json\/wp\/v2\/posts"}],"about":[{"href":"https:\/\/www.hoymercedes.com.ar\/principal\/wp-json\/wp\/v2\/types\/post"}],"author":[{"embeddable":true,"href":"https:\/\/www.hoymercedes.com.ar\/principal\/wp-json\/wp\/v2\/users\/1"}],"replies":[{"embeddable":true,"href":"https:\/\/www.hoymercedes.com.ar\/principal\/wp-json\/wp\/v2\/comments?post=22177"}],"version-history":[{"count":0,"href":"https:\/\/www.hoymercedes.com.ar\/principal\/wp-json\/wp\/v2\/posts\/22177\/revisions"}],"wp:attachment":[{"href":"https:\/\/www.hoymercedes.com.ar\/principal\/wp-json\/wp\/v2\/media?parent=22177"}],"wp:term":[{"taxonomy":"category","embeddable":true,"href":"https:\/\/www.hoymercedes.com.ar\/principal\/wp-json\/wp\/v2\/categories?post=22177"},{"taxonomy":"post_tag","embeddable":true,"href":"https:\/\/www.hoymercedes.com.ar\/principal\/wp-json\/wp\/v2\/tags?post=22177"}],"curies":[{"name":"wp","href":"https:\/\/api.w.org\/{rel}","templated":true}]}}