{"id":22208,"date":"2013-05-13T12:48:48","date_gmt":"2013-05-13T12:48:48","guid":{"rendered":"http:\/\/www.hoymercedes.com.ar\/principal\/?p=22208"},"modified":"2013-05-13T12:48:48","modified_gmt":"2013-05-13T12:48:48","slug":"concejo-procrear-seguira-en-comision-y-ratificaria-convenio-por-finalizacion-del-favaloro","status":"publish","type":"post","link":"https:\/\/www.hoymercedes.com.ar\/principal\/2013\/05\/13\/concejo-procrear-seguira-en-comision-y-ratificaria-convenio-por-finalizacion-del-favaloro\/","title":{"rendered":"Concejo: ProCreAr seguir\u00e1 en comisi\u00f3n y ratificar\u00eda convenio por finalizaci\u00f3n del Favaloro"},"content":{"rendered":"<figure id=\"attachment_22214\" aria-describedby=\"caption-attachment-22214\" style=\"width: 608px\" class=\"wp-caption aligncenter\"><a href=\"https:\/\/www.hoymercedes.com.ar\/principal\/wp-content\/uploads\/2013\/05\/ConcejoDeliberanteMercedes1.jpg\"><img loading=\"lazy\" decoding=\"async\" data-attachment-id=\"22214\" data-permalink=\"https:\/\/www.hoymercedes.com.ar\/principal\/2013\/05\/13\/concejo-procrear-seguira-en-comision-y-ratificaria-convenio-por-finalizacion-del-favaloro\/concejodeliberantemercedes-4\/#main\" data-orig-file=\"https:\/\/www.hoymercedes.com.ar\/principal\/wp-content\/uploads\/2013\/05\/ConcejoDeliberanteMercedes1.jpg\" data-orig-size=\"618,464\" data-comments-opened=\"1\" data-image-meta=\"{&quot;aperture&quot;:&quot;3.1&quot;,&quot;credit&quot;:&quot;&quot;,&quot;camera&quot;:&quot;COOLPIX L310&quot;,&quot;caption&quot;:&quot;&quot;,&quot;created_timestamp&quot;:&quot;1365536868&quot;,&quot;copyright&quot;:&quot;&quot;,&quot;focal_length&quot;:&quot;4.5&quot;,&quot;iso&quot;:&quot;200&quot;,&quot;shutter_speed&quot;:&quot;0.033333333333333&quot;,&quot;title&quot;:&quot;&quot;}\" data-image-title=\"ConcejoDeliberanteMercedes\" data-image-description=\"\" data-image-caption=\"&lt;p&gt;Concejo Deliberante&lt;\/p&gt;\n\" data-large-file=\"https:\/\/www.hoymercedes.com.ar\/principal\/wp-content\/uploads\/2013\/05\/ConcejoDeliberanteMercedes1.jpg\" class=\"size-full wp-image-22214\" alt=\"Concejo Deliberante\" src=\"https:\/\/www.hoymercedes.com.ar\/principal\/wp-content\/uploads\/2013\/05\/ConcejoDeliberanteMercedes1.jpg\" width=\"618\" height=\"464\" \/><\/a><figcaption id=\"caption-attachment-22214\" class=\"wp-caption-text\">Concejo Deliberante<\/figcaption><\/figure>\n<p><strong><em>Este lunes habr\u00e1 una nueva sesi\u00f3n del Concejo Deliberante. En la misma se prev\u00e9n una serie de definiciones de inter\u00e9s para la comunidad. Varios pedidos de reparaciones de ca\u00f1os, calles y espacios p\u00fablicos en lo que son obras cotidianas del municipio. Tambi\u00e9n posibles fondos para el hospital y ratificaci\u00f3n del convenio por el Favaloro entre el Municipio y el Ministerio de Planificaci\u00f3n.\u00a0<\/em><\/strong><\/p>\n<p><strong>Temas<\/strong><\/p>\n<p>Diversos temas ser\u00e1n tratados y otros girados a comisi\u00f3n, como el pedido de taxis y remises de aumentar 35% en la tarifa que tendr\u00e1 una previa evaluaci\u00f3n de los ediles. Tambi\u00e9n una presentaci\u00f3n de Alejandro Molle sobre predio para posible futura ampliaci\u00f3n de Hospital. Hay un pedido al Poder Ejecutivo Nacional por la finalizaci\u00f3n de la Autov\u00eda N\u00ba5. Tambi\u00e9n posiblemente se debatir\u00e1 en un despacho dividido en la creaci\u00f3n de un fondo para ayudar econ\u00f3micamente al Hospital Dubarry.<\/p>\n<p><strong>ProCreAr<\/strong><\/p>\n<p>El Centro de Ingenieros, por medio de una nota, se pone a disposici\u00f3n de los ediles y la comuna para colaborar en el plan de viviendas. El expediente sigue trat\u00e1ndose en comisi\u00f3n.<\/p>\n<p><strong>Jura<\/strong><\/p>\n<p>Juan Montoya regresa al Concejo asumiendo como suplente de Cristina Arias que pas\u00f3 a ser Coordinadora del \u00e1rea de Desarrollo Social.<\/p>\n<p><strong>Vivienda<\/strong><\/p>\n<p>Las viviendas del Favaloro podr\u00edan encontrar el camino a su finalizaci\u00f3n a partir de la ratificaci\u00f3n del convenio firmado entre el Municipio y el Ministerio de Planificaci\u00f3n con el arribo de casi diez millones de pesos. La firma entre Selva y el Ministerio fue el pasado 29 de abril.<\/p>\n<p>&nbsp;<\/p>\n","protected":false},"excerpt":{"rendered":"<p>Este lunes habr\u00e1 una nueva sesi\u00f3n del Concejo Deliberante. En la misma se prev\u00e9n una serie de definiciones de inter\u00e9s &#8230; <a title=\"Concejo: ProCreAr seguir\u00e1 en comisi\u00f3n y ratificar\u00eda convenio por finalizaci\u00f3n del Favaloro\" class=\"read-more\" href=\"https:\/\/www.hoymercedes.com.ar\/principal\/2013\/05\/13\/concejo-procrear-seguira-en-comision-y-ratificaria-convenio-por-finalizacion-del-favaloro\/\" aria-label=\"Leer m\u00e1s sobre Concejo: ProCreAr seguir\u00e1 en comisi\u00f3n y ratificar\u00eda convenio por finalizaci\u00f3n del Favaloro\">Leer m\u00e1s<\/a><\/p>\n","protected":false},"author":1,"featured_media":0,"comment_status":"open","ping_status":"open","sticky":false,"template":"","format":"standard","meta":{"_monsterinsights_skip_tracking":false,"_monsterinsights_sitenote_active":false,"_monsterinsights_sitenote_note":"","_monsterinsights_sitenote_category":0,"jetpack_post_was_ever_published":false,"_jetpack_newsletter_access":"","_jetpack_dont_email_post_to_subs":false,"_jetpack_newsletter_tier_id":0,"_jetpack_memberships_contains_paywalled_content":false,"_jetpack_memberships_contains_paid_content":false,"footnotes":"","jetpack_publicize_message":"","jetpack_publicize_feature_enabled":true,"jetpack_social_post_already_shared":true,"jetpack_social_options":{"image_generator_settings":{"template":"highway","default_image_id":0,"font":"","enabled":false},"version":2},"_wpas_customize_per_network":false},"categories":[5],"tags":[45],"class_list":["post-22208","post","type-post","status-publish","format-standard","hentry","category-politica","tag-concejo-deliberante-mercedes","generate-columns","tablet-grid-50","mobile-grid-100","grid-parent","grid-50"],"jetpack_publicize_connections":[],"jetpack_featured_media_url":"","wps_subtitle":"","jetpack_sharing_enabled":true,"_links":{"self":[{"href":"https:\/\/www.hoymercedes.com.ar\/principal\/wp-json\/wp\/v2\/posts\/22208","targetHints":{"allow":["GET"]}}],"collection":[{"href":"https:\/\/www.hoymercedes.com.ar\/principal\/wp-json\/wp\/v2\/posts"}],"about":[{"href":"https:\/\/www.hoymercedes.com.ar\/principal\/wp-json\/wp\/v2\/types\/post"}],"author":[{"embeddable":true,"href":"https:\/\/www.hoymercedes.com.ar\/principal\/wp-json\/wp\/v2\/users\/1"}],"replies":[{"embeddable":true,"href":"https:\/\/www.hoymercedes.com.ar\/principal\/wp-json\/wp\/v2\/comments?post=22208"}],"version-history":[{"count":0,"href":"https:\/\/www.hoymercedes.com.ar\/principal\/wp-json\/wp\/v2\/posts\/22208\/revisions"}],"wp:attachment":[{"href":"https:\/\/www.hoymercedes.com.ar\/principal\/wp-json\/wp\/v2\/media?parent=22208"}],"wp:term":[{"taxonomy":"category","embeddable":true,"href":"https:\/\/www.hoymercedes.com.ar\/principal\/wp-json\/wp\/v2\/categories?post=22208"},{"taxonomy":"post_tag","embeddable":true,"href":"https:\/\/www.hoymercedes.com.ar\/principal\/wp-json\/wp\/v2\/tags?post=22208"}],"curies":[{"name":"wp","href":"https:\/\/api.w.org\/{rel}","templated":true}]}}