{"id":2222,"date":"2011-02-15T02:52:45","date_gmt":"2011-02-15T02:52:45","guid":{"rendered":"http:\/\/www.hoymercedes.com.ar\/principal\/?p=2222"},"modified":"2011-02-15T02:52:45","modified_gmt":"2011-02-15T02:52:45","slug":"se-inicio-la-inscripcion-a-becas-unlu-2011","status":"publish","type":"post","link":"https:\/\/www.hoymercedes.com.ar\/principal\/2011\/02\/15\/se-inicio-la-inscripcion-a-becas-unlu-2011\/","title":{"rendered":"Se inici\u00f3 la inscripci\u00f3n a Becas UNLu 2011"},"content":{"rendered":"<p>UNLu informa que desde el lunes 14 y hasta el pr\u00f3ximo 25 de febrero inclusive estar\u00e1 abierta la inscripci\u00f3n complementaria al Concurso de Becas Estudiantiles Internas 2011. Para acceder a las mismas se requiere ser alumno regular o ingresante de cualquiera de las carreras que se dicten en la UNLu, completar la solicitud con car\u00e1cter de declaraci\u00f3n jurada donde se manifieste la necesidad de percibir el beneficio de la beca para comenzar o continuar estudios, no poseer beneficio similar de ninguna otra instituci\u00f3n, no estar desarrollando una pasant\u00eda interna rentada, y finalmente, en caso de haber sido becario anteriormente, haber cumplido con todos los requisitos exigidos por reglamento.<\/p>\n<p>Los tipos de becas a los que se puede acceder son los siguientes: de Ayuda Econ\u00f3mica (AE), de Dedicaci\u00f3n Exclusiva al estudio (DE), y para Situaciones Especiales por Discapacidad (CE).<\/p>\n<p>Para mayor informaci\u00f3n e inscripci\u00f3n dirigirse al Dpto. de Servicios Sociales UNLu:<\/p>\n<p>Sede Central, te. (02323) 420380 \/ 423979, Int. 257, mail sse@mail.unlu.edu. ar<\/p>\n<p>Centros Regionales General Sarmiento (Far\u00edas 1590 esq. Mitre, San Miguel. Te. 011-46647843\/6842)<\/p>\n<p>Campana (Vicente L\u00f3pez y Bertolini, te. 03489-425934\/428342)<\/p>\n<p>Chivilcoy (El Grito de Alcorta 110, te. 02346-427183\/424593).<\/p>\n<p><span style=\"color: #888888;\">Fuente: <a href=\"http:\/\/http:\/\/www.estudiantesunlu.com.ar\/site\/2011\/02\/se-abre-inscripcion-a-becas-2011\/\">Www.estudiantesunlu.com.ar<\/a><\/span><\/p>\n","protected":false},"excerpt":{"rendered":"<p>UNLu informa que desde el lunes 14 y hasta el pr\u00f3ximo 25 de febrero inclusive estar\u00e1 abierta la inscripci\u00f3n complementaria &#8230; <a title=\"Se inici\u00f3 la inscripci\u00f3n a Becas UNLu 2011\" class=\"read-more\" href=\"https:\/\/www.hoymercedes.com.ar\/principal\/2011\/02\/15\/se-inicio-la-inscripcion-a-becas-unlu-2011\/\" aria-label=\"Leer m\u00e1s sobre Se inici\u00f3 la inscripci\u00f3n a Becas UNLu 2011\">Leer m\u00e1s<\/a><\/p>\n","protected":false},"author":1,"featured_media":0,"comment_status":"open","ping_status":"open","sticky":false,"template":"","format":"standard","meta":{"_monsterinsights_skip_tracking":false,"_monsterinsights_sitenote_active":false,"_monsterinsights_sitenote_note":"","_monsterinsights_sitenote_category":0,"jetpack_post_was_ever_published":false,"_jetpack_newsletter_access":"","_jetpack_dont_email_post_to_subs":false,"_jetpack_newsletter_tier_id":0,"_jetpack_memberships_contains_paywalled_content":false,"_jetpack_memberships_contains_paid_content":false,"footnotes":"","jetpack_publicize_message":"","jetpack_publicize_feature_enabled":true,"jetpack_social_post_already_shared":false,"jetpack_social_options":{"image_generator_settings":{"template":"highway","default_image_id":0,"font":"","enabled":false},"version":2},"_wpas_customize_per_network":false},"categories":[23],"tags":[488],"class_list":["post-2222","post","type-post","status-publish","format-standard","hentry","category-educacion","tag-becas-unlu-2011","generate-columns","tablet-grid-50","mobile-grid-100","grid-parent","grid-50"],"jetpack_publicize_connections":[],"jetpack_featured_media_url":"","wps_subtitle":"","jetpack_sharing_enabled":true,"_links":{"self":[{"href":"https:\/\/www.hoymercedes.com.ar\/principal\/wp-json\/wp\/v2\/posts\/2222","targetHints":{"allow":["GET"]}}],"collection":[{"href":"https:\/\/www.hoymercedes.com.ar\/principal\/wp-json\/wp\/v2\/posts"}],"about":[{"href":"https:\/\/www.hoymercedes.com.ar\/principal\/wp-json\/wp\/v2\/types\/post"}],"author":[{"embeddable":true,"href":"https:\/\/www.hoymercedes.com.ar\/principal\/wp-json\/wp\/v2\/users\/1"}],"replies":[{"embeddable":true,"href":"https:\/\/www.hoymercedes.com.ar\/principal\/wp-json\/wp\/v2\/comments?post=2222"}],"version-history":[{"count":0,"href":"https:\/\/www.hoymercedes.com.ar\/principal\/wp-json\/wp\/v2\/posts\/2222\/revisions"}],"wp:attachment":[{"href":"https:\/\/www.hoymercedes.com.ar\/principal\/wp-json\/wp\/v2\/media?parent=2222"}],"wp:term":[{"taxonomy":"category","embeddable":true,"href":"https:\/\/www.hoymercedes.com.ar\/principal\/wp-json\/wp\/v2\/categories?post=2222"},{"taxonomy":"post_tag","embeddable":true,"href":"https:\/\/www.hoymercedes.com.ar\/principal\/wp-json\/wp\/v2\/tags?post=2222"}],"curies":[{"name":"wp","href":"https:\/\/api.w.org\/{rel}","templated":true}]}}