{"id":2226,"date":"2011-02-15T02:57:01","date_gmt":"2011-02-15T02:57:01","guid":{"rendered":"http:\/\/www.hoymercedes.com.ar\/principal\/?p=2226"},"modified":"2011-02-15T02:57:01","modified_gmt":"2011-02-15T02:57:01","slug":"curso-ecologia-de-la-contaminacion-ambiental","status":"publish","type":"post","link":"https:\/\/www.hoymercedes.com.ar\/principal\/2011\/02\/15\/curso-ecologia-de-la-contaminacion-ambiental\/","title":{"rendered":"Curso: Ecolog\u00eda de la Contaminaci\u00f3n Ambiental"},"content":{"rendered":"<p>El Colegio de Abogados de Mercedes informa e invita a la comunidad:<\/p>\n<p>El Centro Cultural Ricardo Rojas, dependiente de la Universidad de Buenos Aires, ya inscribe a partir del 2 de febrero de 2011 para el curso de verano 2011 sobre\u00a0 Ecolog\u00eda de la contaminaci\u00f3n Ambiental.<\/p>\n<p>Ser\u00e1 dictado por Irene Wais de Badgen, bi\u00f3loga egresada de la Universidad de Buenos Aires. Posgraduada en Ecolog\u00eda en la Oregon State University, EE.UU. y especializada en impactos ambientales en la Universidad Nacional Aut\u00f3noma de M\u00e9xico (www.irenewais.com.ar).<\/p>\n<p>Frecuencia y duraci\u00f3n: 2 clases semanales de dos horas (Mi\u00e9rcoles y Viernes de\u00a0 20 a 22 hs).<\/p>\n<p>Total 8 clases. Inicio: 16 de febrero. Finalizaci\u00f3n: 11 de marzo.<\/p>\n<p>Lugar de Dictado: Av. Corrientes 2038, Ciudad de Buenos Aires.<\/p>\n<p>Costo total: $ 190 (pesos ciento noventa).<\/p>\n<p>Este es un curso interactivo y no se requieren conocimientos previos. Est\u00e1 destinado a todo p\u00fablico. Si desea solicitar mayor informaci\u00f3n por puede hacerlo a irenewais@fibertel.com.ar\u00a0 .<\/p>\n<p>Inscripci\u00f3n en el Centro Cultural Rector Ricardo Rojas, Av. Corrientes 2038 \/ 2040, Ciudad de Buenos Aires. Tel\u00e9fono: 4952-7281 (de lunes a viernes de 10 a 19 horas).<\/p>\n<p>&#8230;&#8230;. Se entregar\u00e1 certificado de asistencia \u2026\u2026.<\/p>\n<p>RESERVE\u00a0 YA\u00a0 SU\u00a0 LUGAR\u00a0 (VACANTES LIMITADAS)<\/p>\n<p>Muchas gracias por difundir reenviando a potenciales interesados<\/p>\n","protected":false},"excerpt":{"rendered":"<p>El Colegio de Abogados de Mercedes informa e invita a la comunidad: El Centro Cultural Ricardo Rojas, dependiente de la &#8230; <a title=\"Curso: Ecolog\u00eda de la Contaminaci\u00f3n Ambiental\" class=\"read-more\" href=\"https:\/\/www.hoymercedes.com.ar\/principal\/2011\/02\/15\/curso-ecologia-de-la-contaminacion-ambiental\/\" aria-label=\"Leer m\u00e1s sobre Curso: Ecolog\u00eda de la Contaminaci\u00f3n Ambiental\">Leer m\u00e1s<\/a><\/p>\n","protected":false},"author":1,"featured_media":0,"comment_status":"open","ping_status":"open","sticky":false,"template":"","format":"standard","meta":{"_monsterinsights_skip_tracking":false,"_monsterinsights_sitenote_active":false,"_monsterinsights_sitenote_note":"","_monsterinsights_sitenote_category":0,"jetpack_post_was_ever_published":false,"_jetpack_newsletter_access":"","_jetpack_dont_email_post_to_subs":false,"_jetpack_newsletter_tier_id":0,"_jetpack_memberships_contains_paywalled_content":false,"_jetpack_memberships_contains_paid_content":false,"footnotes":"","jetpack_publicize_message":"","jetpack_publicize_feature_enabled":true,"jetpack_social_post_already_shared":false,"jetpack_social_options":{"image_generator_settings":{"template":"highway","default_image_id":0,"font":"","enabled":false},"version":2},"_wpas_customize_per_network":false},"categories":[8],"tags":[43],"class_list":["post-2226","post","type-post","status-publish","format-standard","hentry","category-sociedad","tag-medio-ambiente","generate-columns","tablet-grid-50","mobile-grid-100","grid-parent","grid-50"],"jetpack_publicize_connections":[],"jetpack_featured_media_url":"","wps_subtitle":"","jetpack_sharing_enabled":true,"_links":{"self":[{"href":"https:\/\/www.hoymercedes.com.ar\/principal\/wp-json\/wp\/v2\/posts\/2226","targetHints":{"allow":["GET"]}}],"collection":[{"href":"https:\/\/www.hoymercedes.com.ar\/principal\/wp-json\/wp\/v2\/posts"}],"about":[{"href":"https:\/\/www.hoymercedes.com.ar\/principal\/wp-json\/wp\/v2\/types\/post"}],"author":[{"embeddable":true,"href":"https:\/\/www.hoymercedes.com.ar\/principal\/wp-json\/wp\/v2\/users\/1"}],"replies":[{"embeddable":true,"href":"https:\/\/www.hoymercedes.com.ar\/principal\/wp-json\/wp\/v2\/comments?post=2226"}],"version-history":[{"count":0,"href":"https:\/\/www.hoymercedes.com.ar\/principal\/wp-json\/wp\/v2\/posts\/2226\/revisions"}],"wp:attachment":[{"href":"https:\/\/www.hoymercedes.com.ar\/principal\/wp-json\/wp\/v2\/media?parent=2226"}],"wp:term":[{"taxonomy":"category","embeddable":true,"href":"https:\/\/www.hoymercedes.com.ar\/principal\/wp-json\/wp\/v2\/categories?post=2226"},{"taxonomy":"post_tag","embeddable":true,"href":"https:\/\/www.hoymercedes.com.ar\/principal\/wp-json\/wp\/v2\/tags?post=2226"}],"curies":[{"name":"wp","href":"https:\/\/api.w.org\/{rel}","templated":true}]}}