{"id":22295,"date":"2013-05-16T11:45:54","date_gmt":"2013-05-16T11:45:54","guid":{"rendered":"http:\/\/www.hoymercedes.com.ar\/principal\/?p=22295"},"modified":"2013-05-16T11:45:54","modified_gmt":"2013-05-16T11:45:54","slug":"ustarroz-el-hospital-somos-todos","status":"publish","type":"post","link":"https:\/\/www.hoymercedes.com.ar\/principal\/2013\/05\/16\/ustarroz-el-hospital-somos-todos\/","title":{"rendered":"Ustarroz: \u00abEl hospital somos todos\u00bb"},"content":{"rendered":"<p><strong>Por Juan Ustarroz<\/strong><\/p>\n<p>La situaci\u00f3n del hospital Blas Dubarry, sobre todo en el sector de pediatr\u00eda y maternidad, nos oblig\u00f3 hace ya varios meses a profundizar en nuestras posibilidades y formas de aporte como espacio pol\u00edtico de Mercedes. Hacia finales del a\u00f1o pasado, as\u00ed y en una conmovedora expresi\u00f3n de solidaridad de todos los vecinos, organizamos una exitosa cena en el club Estudiantes; y en este tiempo, a trav\u00e9s de distintas gestiones de los diputados con que contamos en la legislatura bonaerense y en el Congreso Nacional, hemos conseguido insumos, subsidios, aportes, cargos y nombramientos.<\/p>\n<p>De las consecuencias \u2018pol\u00edticas\u2019 de nuestro aporte no nos interesa hablar, porque es entrar en el terreno de la victimizaci\u00f3n y la \u2018chicana\u2019 inconducente, del mismo modo que no nos interes\u00f3 la especulaci\u00f3n electoral: nos hubiese resultado much\u00edsimo m\u00e1s f\u00e1cil quedarnos en la vereda de enfrente y repartir cr\u00edticas.<\/p>\n<p>Consideramos que la pol\u00edtica es vocaci\u00f3n de servicio y creemos en la pr\u00e9dica que significa el ejemplo. Quisimos y queremos, simplemente, dar una mano. Unirnos. Ayudar en lo que podamos, desde lo concreto; estamos para sumar. Por otro lado, no es necesario inventar soluciones, sino que alcanza con reforzar lo existente.<\/p>\n<p>Hoy, como desde hace mucho tiempo, la cooperadora colabora y apuntala econ\u00f3micamente al hospital. Entonces, un principio de soluci\u00f3n es buscar todos juntos nuevos aportantes, socios de la cooperadora para que el hospital tenga m\u00e1s recursos.<\/p>\n<p>Porque se trata nada menos que de la salud, porque se trata de uno de los sectores m\u00e1s vulnerables de la sociedad como lo son los chicos, porque se trata del hospital de nuestra ciudad, donde se atiende la mayor\u00eda de los vecinos de Mercedes.<\/p>\n<p>Por eso llamamos, en esta coyuntura urgente, a dejar las diferencias a un lado. No importa el signo partidario, no importa el color pol\u00edtico, no importa si se es oficialismo u oposici\u00f3n.<\/p>\n<p>En los \u00e1mbitos adecuados habr\u00e1 que dar el debate sobre modelos de gesti\u00f3n, analizar aciertos y errores, ver en qu\u00e9 se est\u00e1 fallando y c\u00f3mo mejorar. Pero, de cara al pueblo, a todos nosotros, a nuestros hijos, hoy lo que importa es la salud, lo que importa es la gente, lo que importa es el hospital.<\/p>\n<p>&nbsp;<\/p>\n","protected":false},"excerpt":{"rendered":"<p>Por Juan Ustarroz La situaci\u00f3n del hospital Blas Dubarry, sobre todo en el sector de pediatr\u00eda y maternidad, nos oblig\u00f3 &#8230; <a title=\"Ustarroz: \u00abEl hospital somos todos\u00bb\" class=\"read-more\" href=\"https:\/\/www.hoymercedes.com.ar\/principal\/2013\/05\/16\/ustarroz-el-hospital-somos-todos\/\" aria-label=\"Leer m\u00e1s sobre Ustarroz: \u00abEl hospital somos todos\u00bb\">Leer m\u00e1s<\/a><\/p>\n","protected":false},"author":1,"featured_media":0,"comment_status":"open","ping_status":"open","sticky":false,"template":"","format":"standard","meta":{"_monsterinsights_skip_tracking":false,"_monsterinsights_sitenote_active":false,"_monsterinsights_sitenote_note":"","_monsterinsights_sitenote_category":0,"jetpack_post_was_ever_published":false,"_jetpack_newsletter_access":"","_jetpack_dont_email_post_to_subs":false,"_jetpack_newsletter_tier_id":0,"_jetpack_memberships_contains_paywalled_content":false,"_jetpack_memberships_contains_paid_content":false,"footnotes":"","jetpack_publicize_message":"","jetpack_publicize_feature_enabled":true,"jetpack_social_post_already_shared":true,"jetpack_social_options":{"image_generator_settings":{"template":"highway","default_image_id":0,"font":"","enabled":false},"version":2},"_wpas_customize_per_network":false},"categories":[1],"tags":[3464,585],"class_list":["post-22295","post","type-post","status-publish","format-standard","hentry","category-opinion","tag-el-hospital-somos-todos","tag-juan-ustarroz","generate-columns","tablet-grid-50","mobile-grid-100","grid-parent","grid-50"],"jetpack_publicize_connections":[],"jetpack_featured_media_url":"","wps_subtitle":"","jetpack_sharing_enabled":true,"_links":{"self":[{"href":"https:\/\/www.hoymercedes.com.ar\/principal\/wp-json\/wp\/v2\/posts\/22295","targetHints":{"allow":["GET"]}}],"collection":[{"href":"https:\/\/www.hoymercedes.com.ar\/principal\/wp-json\/wp\/v2\/posts"}],"about":[{"href":"https:\/\/www.hoymercedes.com.ar\/principal\/wp-json\/wp\/v2\/types\/post"}],"author":[{"embeddable":true,"href":"https:\/\/www.hoymercedes.com.ar\/principal\/wp-json\/wp\/v2\/users\/1"}],"replies":[{"embeddable":true,"href":"https:\/\/www.hoymercedes.com.ar\/principal\/wp-json\/wp\/v2\/comments?post=22295"}],"version-history":[{"count":0,"href":"https:\/\/www.hoymercedes.com.ar\/principal\/wp-json\/wp\/v2\/posts\/22295\/revisions"}],"wp:attachment":[{"href":"https:\/\/www.hoymercedes.com.ar\/principal\/wp-json\/wp\/v2\/media?parent=22295"}],"wp:term":[{"taxonomy":"category","embeddable":true,"href":"https:\/\/www.hoymercedes.com.ar\/principal\/wp-json\/wp\/v2\/categories?post=22295"},{"taxonomy":"post_tag","embeddable":true,"href":"https:\/\/www.hoymercedes.com.ar\/principal\/wp-json\/wp\/v2\/tags?post=22295"}],"curies":[{"name":"wp","href":"https:\/\/api.w.org\/{rel}","templated":true}]}}