{"id":22313,"date":"2013-05-16T16:15:58","date_gmt":"2013-05-16T16:15:58","guid":{"rendered":"http:\/\/www.hoymercedes.com.ar\/principal\/?p=22313"},"modified":"2013-05-16T16:15:58","modified_gmt":"2013-05-16T16:15:58","slug":"habra-mas-presion-de-gas-natural-en-la-ciudad","status":"publish","type":"post","link":"https:\/\/www.hoymercedes.com.ar\/principal\/2013\/05\/16\/habra-mas-presion-de-gas-natural-en-la-ciudad\/","title":{"rendered":"Habr\u00e1 m\u00e1s presi\u00f3n de gas natural en la ciudad"},"content":{"rendered":"<figure id=\"attachment_22315\" aria-describedby=\"caption-attachment-22315\" style=\"width: 610px\" class=\"wp-caption aligncenter\"><a href=\"https:\/\/www.hoymercedes.com.ar\/principal\/wp-content\/uploads\/2013\/05\/wado.jpg\"><img loading=\"lazy\" decoding=\"async\" data-attachment-id=\"22315\" data-permalink=\"https:\/\/www.hoymercedes.com.ar\/principal\/2013\/05\/16\/habra-mas-presion-de-gas-natural-en-la-ciudad\/wado\/#main\" data-orig-file=\"https:\/\/www.hoymercedes.com.ar\/principal\/wp-content\/uploads\/2013\/05\/wado.jpg\" data-orig-size=\"620,412\" data-comments-opened=\"1\" data-image-meta=\"{&quot;aperture&quot;:&quot;0&quot;,&quot;credit&quot;:&quot;&quot;,&quot;camera&quot;:&quot;&quot;,&quot;caption&quot;:&quot;&quot;,&quot;created_timestamp&quot;:&quot;0&quot;,&quot;copyright&quot;:&quot;&quot;,&quot;focal_length&quot;:&quot;0&quot;,&quot;iso&quot;:&quot;0&quot;,&quot;shutter_speed&quot;:&quot;0&quot;,&quot;title&quot;:&quot;&quot;}\" data-image-title=\"wado\" data-image-description=\"\" data-image-caption=\"&lt;p&gt;Wado de Pedro&lt;\/p&gt;\n\" data-large-file=\"https:\/\/www.hoymercedes.com.ar\/principal\/wp-content\/uploads\/2013\/05\/wado.jpg\" class=\"size-full wp-image-22315\" alt=\"Wado de Pedro\" src=\"https:\/\/www.hoymercedes.com.ar\/principal\/wp-content\/uploads\/2013\/05\/wado.jpg\" width=\"620\" height=\"412\" \/><\/a><figcaption id=\"caption-attachment-22315\" class=\"wp-caption-text\">Wado de Pedro<\/figcaption><\/figure>\n<p><strong>Como en cada invierno empieza la cuesti\u00f3n. La presi\u00f3n de gas disminuye y el servicio pierde calidad. Este a\u00f1o la ciduad contar\u00e1 con mayor presi\u00f3n por medio de gestiones realizadas por el Diputado Nacional \u00a0Eduardo \u2018Wado\u2019 De Pedro, dado que la ciudad ser\u00e1 integrada en el plan de inversiones de las empresas.<\/strong><\/p>\n<p>Desde el Frente Mercedino para la Victoria informaron: <em>\u00bb\u00a0Gas Natural BAN, la empresa prestataria del servicio en Mercedes, se comprometi\u00f3\u00a0 a hacer dos obras puntuales este a\u00f1o: la construcci\u00f3n de un refuerzo en el gasoducto de alta presi\u00f3n en la City Gate (emplazada en el partido de Luj\u00e1n, en ruta 34), de 25 kg\/cm2 y 900m en 10 pulgadas de di\u00e1metro; y la instalaci\u00f3n de otro refuerzo en la red de la ciudad, de 600 metros de longitud y 125 milimetros de di\u00e1metro, que unir\u00e1 a la planta reguladora que alimenta el barrio Pago Chico.\u00a0\u00a0<\/em><em>Esta obra puntual beneficiar\u00e1, adem\u00e1s de Pago Chico, a todos los barrios ubicados al norte de las v\u00edas del Ferrocarril Belgrano, entre ellos el Calvillo, Los Robles, Esperanza, Villa del Parque, Pe\u00f1aloza y San Jos\u00e9, entre otros.\u00a0\u00ab<\/em><\/p>\n<p>El Diputado De Pedro afirm\u00f3: <em>\u00abEn diciembre del a\u00f1o pasado, el ENARGAS autoriz\u00f3 a las compa\u00f1\u00edas distribuidoras de gas natural a un aumento tarifario, pero con la condici\u00f3n de crear un Fondo de Obras de mantenimiento, mejoras, ampliaciones y extensiones de las redes, gasoductos y plantas reguladoras que estuvieran dentro de la jurisdicci\u00f3n de cada empresa.\u00a0A partir de all\u00ed, nosotros nos acercamos a la empresa que distribuye el gas natural en Mercedes y le planteamos las necesidades puntuales de afianzar la red. Por eso se incluy\u00f3 a nuestra ciudad en el Plan de Obras y la compa\u00f1\u00eda nos explic\u00f3 qu\u00e9 mejoras espec\u00edficas pod\u00eda realizar en esta etapa. Se har\u00e1n dos refuerzos, uno en Luj\u00e1n y otra aqu\u00ed, lo que dar\u00e1 mayor presi\u00f3n a la red\u201d<\/em><\/p>\n<p>La obra que se har\u00e1\u00a0en el partido de Luj\u00e1n tendr\u00e1\u00a0tambi\u00e9n, y por beneficiar el sistema integral, un claro impacto en las industrias de Mercedes.<\/p>\n<p>\u201cEl plan contempla justamente la necesidad de beneficiar a todos los sectores que cuentan ya con gas natural, e incluye tambi\u00e9n la posibilidad de incorporar m\u00e1s adelante nuevos barrios a la red sin que eso afecte el servicio que se brinda actualmente. Es una obra de presente y futuro, porque nuestro deseo y el de todos los vecinos es que el gas natural llegue a cada rinc\u00f3n\u201d, dijo \u2018Wado\u2019 de Pedro.<\/p>\n<p>Gas Natural BAN ya pidi\u00f3\u00a0cotizaci\u00f3n de obra a distintas empresas especializadas, y el proyecto constructivo est\u00e1\u00a0plasmado en el plano REM\/ER-0008.<\/p>\n<p>Ustarroz, por su parte, resalt\u00f3 no solamente los beneficios que traer\u00e1 la obra, sino tambi\u00e9n \u201cla relevancia de estar atentos a estas posibilidades\u201d, porque \u201csi no se encauzan las gestiones en tiempo y forma, son oportunidades que se pierden\u201d.<\/p>\n","protected":false},"excerpt":{"rendered":"<p>Como en cada invierno empieza la cuesti\u00f3n. La presi\u00f3n de gas disminuye y el servicio pierde calidad. Este a\u00f1o la &#8230; <a title=\"Habr\u00e1 m\u00e1s presi\u00f3n de gas natural en la ciudad\" class=\"read-more\" href=\"https:\/\/www.hoymercedes.com.ar\/principal\/2013\/05\/16\/habra-mas-presion-de-gas-natural-en-la-ciudad\/\" aria-label=\"Leer m\u00e1s sobre Habr\u00e1 m\u00e1s presi\u00f3n de gas natural en la ciudad\">Leer m\u00e1s<\/a><\/p>\n","protected":false},"author":1,"featured_media":0,"comment_status":"open","ping_status":"open","sticky":false,"template":"","format":"standard","meta":{"_monsterinsights_skip_tracking":false,"_monsterinsights_sitenote_active":false,"_monsterinsights_sitenote_note":"","_monsterinsights_sitenote_category":0,"jetpack_post_was_ever_published":false,"_jetpack_newsletter_access":"","_jetpack_dont_email_post_to_subs":false,"_jetpack_newsletter_tier_id":0,"_jetpack_memberships_contains_paywalled_content":false,"_jetpack_memberships_contains_paid_content":false,"footnotes":"","jetpack_publicize_message":"","jetpack_publicize_feature_enabled":true,"jetpack_social_post_already_shared":true,"jetpack_social_options":{"image_generator_settings":{"template":"highway","default_image_id":0,"font":"","enabled":false},"version":2},"_wpas_customize_per_network":false},"categories":[8],"tags":[3465,281],"class_list":["post-22313","post","type-post","status-publish","format-standard","hentry","category-sociedad","tag-gas-natural-en-mercedes","tag-wado-de-pedro","generate-columns","tablet-grid-50","mobile-grid-100","grid-parent","grid-50"],"jetpack_publicize_connections":[],"jetpack_featured_media_url":"","wps_subtitle":"","jetpack_sharing_enabled":true,"_links":{"self":[{"href":"https:\/\/www.hoymercedes.com.ar\/principal\/wp-json\/wp\/v2\/posts\/22313","targetHints":{"allow":["GET"]}}],"collection":[{"href":"https:\/\/www.hoymercedes.com.ar\/principal\/wp-json\/wp\/v2\/posts"}],"about":[{"href":"https:\/\/www.hoymercedes.com.ar\/principal\/wp-json\/wp\/v2\/types\/post"}],"author":[{"embeddable":true,"href":"https:\/\/www.hoymercedes.com.ar\/principal\/wp-json\/wp\/v2\/users\/1"}],"replies":[{"embeddable":true,"href":"https:\/\/www.hoymercedes.com.ar\/principal\/wp-json\/wp\/v2\/comments?post=22313"}],"version-history":[{"count":0,"href":"https:\/\/www.hoymercedes.com.ar\/principal\/wp-json\/wp\/v2\/posts\/22313\/revisions"}],"wp:attachment":[{"href":"https:\/\/www.hoymercedes.com.ar\/principal\/wp-json\/wp\/v2\/media?parent=22313"}],"wp:term":[{"taxonomy":"category","embeddable":true,"href":"https:\/\/www.hoymercedes.com.ar\/principal\/wp-json\/wp\/v2\/categories?post=22313"},{"taxonomy":"post_tag","embeddable":true,"href":"https:\/\/www.hoymercedes.com.ar\/principal\/wp-json\/wp\/v2\/tags?post=22313"}],"curies":[{"name":"wp","href":"https:\/\/api.w.org\/{rel}","templated":true}]}}