{"id":22340,"date":"2013-05-18T11:48:38","date_gmt":"2013-05-18T11:48:38","guid":{"rendered":"http:\/\/www.hoymercedes.com.ar\/principal\/?p=22340"},"modified":"2013-05-18T11:48:38","modified_gmt":"2013-05-18T11:48:38","slug":"carlos-selva-participo-de-un-acto-junto-a-daniel-scioli","status":"publish","type":"post","link":"https:\/\/www.hoymercedes.com.ar\/principal\/2013\/05\/18\/carlos-selva-participo-de-un-acto-junto-a-daniel-scioli\/","title":{"rendered":"Carlos Selva particip\u00f3 de un acto junto a Daniel Scioli"},"content":{"rendered":"<figure id=\"attachment_22342\" aria-describedby=\"caption-attachment-22342\" style=\"width: 610px\" class=\"wp-caption aligncenter\"><a href=\"https:\/\/www.hoymercedes.com.ar\/principal\/wp-content\/uploads\/2013\/05\/Selva-Scioli.jpg\"><img loading=\"lazy\" decoding=\"async\" data-attachment-id=\"22342\" data-permalink=\"https:\/\/www.hoymercedes.com.ar\/principal\/2013\/05\/18\/carlos-selva-participo-de-un-acto-junto-a-daniel-scioli\/selva-scioli-3\/#main\" data-orig-file=\"https:\/\/www.hoymercedes.com.ar\/principal\/wp-content\/uploads\/2013\/05\/Selva-Scioli.jpg\" data-orig-size=\"620,465\" data-comments-opened=\"1\" data-image-meta=\"{&quot;aperture&quot;:&quot;0&quot;,&quot;credit&quot;:&quot;&quot;,&quot;camera&quot;:&quot;&quot;,&quot;caption&quot;:&quot;&quot;,&quot;created_timestamp&quot;:&quot;0&quot;,&quot;copyright&quot;:&quot;&quot;,&quot;focal_length&quot;:&quot;0&quot;,&quot;iso&quot;:&quot;0&quot;,&quot;shutter_speed&quot;:&quot;0&quot;,&quot;title&quot;:&quot;&quot;}\" data-image-title=\"Selva-Scioli\" data-image-description=\"\" data-image-caption=\"&lt;p&gt;Selva junto a Scioli&lt;\/p&gt;\n\" data-large-file=\"https:\/\/www.hoymercedes.com.ar\/principal\/wp-content\/uploads\/2013\/05\/Selva-Scioli.jpg\" class=\"size-full wp-image-22342\" alt=\"Selva junto a Scioli\" src=\"https:\/\/www.hoymercedes.com.ar\/principal\/wp-content\/uploads\/2013\/05\/Selva-Scioli.jpg\" width=\"620\" height=\"465\" \/><\/a><figcaption id=\"caption-attachment-22342\" class=\"wp-caption-text\">Selva junto a Scioli<\/figcaption><\/figure>\n<p><em><strong>El intendente municipal Carlos Selva volvi\u00f3 a ser parte de un encuentro con la\u00a0participaci\u00f3n\u00a0del gobernador de la provincia de Buenos Aires, Daniel Scioli.<\/strong><\/em><\/p>\n<p>El acto fue en la capital provincial. All\u00ed se anunci\u00f3 que el\u00a0gobierno provincial ya puso en marcha ocho escuelas descentralizadas de formaci\u00f3n policial y en los pr\u00f3ximos meses inaugurar\u00e1 cinco m\u00e1s, que abarcar\u00e1n a m\u00e1s de 85 municipios y en el acto de presentaci\u00f3n en el estadio \u00fanico de La Plata estuvo presente el intendente Carlos Selva junto con el gobernador Daniel Scioli.<\/p>\n<p>En este acto el gobernador Daniel Scioli subray\u00f3 la importancia que los futuros efectivos cumplir\u00e1n funciones en los lugares donde viven, por lo que \u201cconocer\u00e1n a sus vecinos y ellos a ustedes\u201d, y agradeci\u00f3 a los familiares por \u201chaberles inculcado el camino a la vocaci\u00f3n de servicio e integridad moral\u201d.<\/p>\n<p>Puso en valor tambi\u00e9n las distintas reformas judiciales impulsadas en su gesti\u00f3n como la descentralizaci\u00f3n de las Fiscal\u00edas, la Autonom\u00eda de la Defensa, la eliminaci\u00f3n de los calabozos en las comisar\u00edas, la creaci\u00f3n de las Alcaid\u00edas, la profesionalizaci\u00f3n del Servicio Penitenciario, y el Juicio por Jurado,, con el que \u201calentamos la participaci\u00f3n ciudadana en las decisiones de la justicia\u201d.<\/p>\n<p>\u201cUstedes ser\u00e1n mis compa\u00f1eros de trabajo en esta lucha contra la inseguridad\u201d, expres\u00f3 Scioli a los futuros integrantes de las fuerzas de seguridad, y remarc\u00f3 la importancia de los proyectos de pacificaci\u00f3n que servir\u00e1n a \u201cdesalentar el uso de armas\u201d.<\/p>\n<p>El intendente Carlos Selva a su regreso del acto en Las Plata destac\u00f3 la importancia de este anuncio para Mercedes. \u201cHay oficiales que se capacitar\u00e1n y que luego volver\u00e1n a la ciudad a continuar con sus labores de polic\u00eda. Es una buena apuesta que hace el gobierno con esta capacitaci\u00f3n para oficiales de polic\u00eda y del servicio penitenciario\u201d, dijo el primer mandatario mercedino.<\/p>\n<p><span style=\"color: #888888;\">Fuente: Municipio<\/span><\/p>\n","protected":false},"excerpt":{"rendered":"<p>El intendente municipal Carlos Selva volvi\u00f3 a ser parte de un encuentro con la\u00a0participaci\u00f3n\u00a0del gobernador de la provincia de Buenos &#8230; <a title=\"Carlos Selva particip\u00f3 de un acto junto a Daniel Scioli\" class=\"read-more\" href=\"https:\/\/www.hoymercedes.com.ar\/principal\/2013\/05\/18\/carlos-selva-participo-de-un-acto-junto-a-daniel-scioli\/\" aria-label=\"Leer m\u00e1s sobre Carlos Selva particip\u00f3 de un acto junto a Daniel Scioli\">Leer m\u00e1s<\/a><\/p>\n","protected":false},"author":1,"featured_media":0,"comment_status":"open","ping_status":"open","sticky":false,"template":"","format":"standard","meta":{"_monsterinsights_skip_tracking":false,"_monsterinsights_sitenote_active":false,"_monsterinsights_sitenote_note":"","_monsterinsights_sitenote_category":0,"jetpack_post_was_ever_published":false,"_jetpack_newsletter_access":"","_jetpack_dont_email_post_to_subs":false,"_jetpack_newsletter_tier_id":0,"_jetpack_memberships_contains_paywalled_content":false,"_jetpack_memberships_contains_paid_content":false,"footnotes":"","jetpack_publicize_message":"","jetpack_publicize_feature_enabled":true,"jetpack_social_post_already_shared":true,"jetpack_social_options":{"image_generator_settings":{"template":"highway","default_image_id":0,"font":"","enabled":false},"version":2},"_wpas_customize_per_network":false},"categories":[5],"tags":[3472],"class_list":["post-22340","post","type-post","status-publish","format-standard","hentry","category-politica","tag-selva-scioli","generate-columns","tablet-grid-50","mobile-grid-100","grid-parent","grid-50"],"jetpack_publicize_connections":[],"jetpack_featured_media_url":"","wps_subtitle":"","jetpack_sharing_enabled":true,"_links":{"self":[{"href":"https:\/\/www.hoymercedes.com.ar\/principal\/wp-json\/wp\/v2\/posts\/22340","targetHints":{"allow":["GET"]}}],"collection":[{"href":"https:\/\/www.hoymercedes.com.ar\/principal\/wp-json\/wp\/v2\/posts"}],"about":[{"href":"https:\/\/www.hoymercedes.com.ar\/principal\/wp-json\/wp\/v2\/types\/post"}],"author":[{"embeddable":true,"href":"https:\/\/www.hoymercedes.com.ar\/principal\/wp-json\/wp\/v2\/users\/1"}],"replies":[{"embeddable":true,"href":"https:\/\/www.hoymercedes.com.ar\/principal\/wp-json\/wp\/v2\/comments?post=22340"}],"version-history":[{"count":0,"href":"https:\/\/www.hoymercedes.com.ar\/principal\/wp-json\/wp\/v2\/posts\/22340\/revisions"}],"wp:attachment":[{"href":"https:\/\/www.hoymercedes.com.ar\/principal\/wp-json\/wp\/v2\/media?parent=22340"}],"wp:term":[{"taxonomy":"category","embeddable":true,"href":"https:\/\/www.hoymercedes.com.ar\/principal\/wp-json\/wp\/v2\/categories?post=22340"},{"taxonomy":"post_tag","embeddable":true,"href":"https:\/\/www.hoymercedes.com.ar\/principal\/wp-json\/wp\/v2\/tags?post=22340"}],"curies":[{"name":"wp","href":"https:\/\/api.w.org\/{rel}","templated":true}]}}