{"id":22348,"date":"2013-05-19T04:47:57","date_gmt":"2013-05-19T04:47:57","guid":{"rendered":"http:\/\/www.hoymercedes.com.ar\/principal\/?p=22348"},"modified":"2013-05-19T04:47:57","modified_gmt":"2013-05-19T04:47:57","slug":"karina-romano-nueva-conductora-de-barrio-san-antonio","status":"publish","type":"post","link":"https:\/\/www.hoymercedes.com.ar\/principal\/2013\/05\/19\/karina-romano-nueva-conductora-de-barrio-san-antonio\/","title":{"rendered":"Karina Romano nueva conductora de barrio San Antonio"},"content":{"rendered":"<figure id=\"attachment_22350\" aria-describedby=\"caption-attachment-22350\" style=\"width: 610px\" class=\"wp-caption aligncenter\"><a href=\"https:\/\/www.hoymercedes.com.ar\/principal\/wp-content\/uploads\/2013\/05\/BarrioSanAntonio-EleccionesBarriales1.jpg\"><img loading=\"lazy\" decoding=\"async\" data-attachment-id=\"22350\" data-permalink=\"https:\/\/www.hoymercedes.com.ar\/principal\/2013\/05\/19\/karina-romano-nueva-conductora-de-barrio-san-antonio\/barriosanantonio-eleccionesbarriales-2\/#main\" data-orig-file=\"https:\/\/www.hoymercedes.com.ar\/principal\/wp-content\/uploads\/2013\/05\/BarrioSanAntonio-EleccionesBarriales1.jpg\" data-orig-size=\"620,358\" data-comments-opened=\"1\" data-image-meta=\"{&quot;aperture&quot;:&quot;3.5&quot;,&quot;credit&quot;:&quot;&quot;,&quot;camera&quot;:&quot;Canon EOS REBEL T3i&quot;,&quot;caption&quot;:&quot;&quot;,&quot;created_timestamp&quot;:&quot;1368907349&quot;,&quot;copyright&quot;:&quot;&quot;,&quot;focal_length&quot;:&quot;20&quot;,&quot;iso&quot;:&quot;400&quot;,&quot;shutter_speed&quot;:&quot;0.016666666666667&quot;,&quot;title&quot;:&quot;&quot;}\" data-image-title=\"BarrioSanAntonio-EleccionesBarriales\" data-image-description=\"\" data-image-caption=\"&lt;p&gt;Barrio San Antonio&lt;\/p&gt;\n\" data-large-file=\"https:\/\/www.hoymercedes.com.ar\/principal\/wp-content\/uploads\/2013\/05\/BarrioSanAntonio-EleccionesBarriales1.jpg\" class=\"size-full wp-image-22350\" alt=\"Barrio San Antonio\" src=\"https:\/\/www.hoymercedes.com.ar\/principal\/wp-content\/uploads\/2013\/05\/BarrioSanAntonio-EleccionesBarriales1.jpg\" width=\"620\" height=\"358\" \/><\/a><figcaption id=\"caption-attachment-22350\" class=\"wp-caption-text\">Barrio San Antonio<\/figcaption><\/figure>\n<p>Una nueva elecci\u00f3n barrial se llev\u00f3 a cabo este s\u00e1bado en Barrio San Antonio tras la\u00a0suspensi\u00f3n\u00a0vivida hace un par de meses atr\u00e1s. En esta ocasi\u00f3n la victoria qued\u00f3 en manos de la lista opositora encolumnada en el Frente Mercedino para la Victoria de Karina Romano.<\/p>\n<p>La victoria de Karina Romano fue contra la actual conducci\u00f3n en manos de Nora Alvarado. Los votos fueron 103 a 64 en<\/p>\n<p>El resultado se convierte en una nueva victoria del espacio opositor contra listas representativas del selvismo qui\u00e9n ven\u00eda de ganar en Gowland.<\/p>\n<p>Respecto a la anterior elecci\u00f3n, suspendida, Karina Romano manifest\u00f3: \u201cEn aquella oportunidad solamente expresamos nuestro derecho a participar, pero nunca con \u00e1nimo de una confrontaci\u00f3n. Tenemos la firme convicci\u00f3n de que lo que legitima una elecci\u00f3n en las sociedades de fomento de cada barrio es la participaci\u00f3n de los vecinos, cuantos m\u00e1s mucho mejor, nada m\u00e1s que eso\u201d, dijo Romano este s\u00e1bado. \u201cAhora queremos trabajar para el barrio, todos juntos, sin diferencias, porque cada cosa que consigamos ser\u00e1 un logro de todos y para todos\u201d, sostuvo la \u00a0flamante presidenta.<\/p>\n<p>El barrio San Antonio se extiende de la avenida 1 a la calle 113 y de la calle 22 bis a la 24 y en las elecciones estuvo presente la responsable de la Federaci\u00f3n de Sociedades de Fomento, Alejandra Santana, quien reivindic\u00f3\u00a0 la necesidad de realizar las elecciones, tal cual los vecinos votaran por unanimidad en ocasi\u00f3n de la pol\u00e9mica suspensi\u00f3n de marzo.<\/p>\n<p>Adem\u00e1s de Romano, la lista ganadora est\u00e1\u00a0integrada por: Ra\u00fal Moyano (secretario general); Beatriz Elisseix (secretario de actas); Mar\u00eda Mirabelli (tesorera); Juan Jos\u00e9 Betteti, Sergio Cirillo y Adri\u00e1n L\u00f3pez (vocales titulares); Leticia Wimbay, Gabriel Cabrera y Adriana Micottis (vocales suplentes); Mat\u00edas Mazza y Gabriela Ojeda (revisores de cuentas titulares); y Gabriel Biaggini y Carlos Maciel (revisores de cuentas suplentes).<\/p>\n<p>&nbsp;<\/p>\n<p>&nbsp;<\/p>\n","protected":false},"excerpt":{"rendered":"<p>Una nueva elecci\u00f3n barrial se llev\u00f3 a cabo este s\u00e1bado en Barrio San Antonio tras la\u00a0suspensi\u00f3n\u00a0vivida hace un par de &#8230; <a title=\"Karina Romano nueva conductora de barrio San Antonio\" class=\"read-more\" href=\"https:\/\/www.hoymercedes.com.ar\/principal\/2013\/05\/19\/karina-romano-nueva-conductora-de-barrio-san-antonio\/\" aria-label=\"Leer m\u00e1s sobre Karina Romano nueva conductora de barrio San Antonio\">Leer m\u00e1s<\/a><\/p>\n","protected":false},"author":1,"featured_media":0,"comment_status":"open","ping_status":"open","sticky":false,"template":"","format":"standard","meta":{"_monsterinsights_skip_tracking":false,"_monsterinsights_sitenote_active":false,"_monsterinsights_sitenote_note":"","_monsterinsights_sitenote_category":0,"jetpack_post_was_ever_published":false,"_jetpack_newsletter_access":"","_jetpack_dont_email_post_to_subs":false,"_jetpack_newsletter_tier_id":0,"_jetpack_memberships_contains_paywalled_content":false,"_jetpack_memberships_contains_paid_content":false,"footnotes":"","jetpack_publicize_message":"","jetpack_publicize_feature_enabled":true,"jetpack_social_post_already_shared":true,"jetpack_social_options":{"image_generator_settings":{"template":"highway","default_image_id":0,"font":"","enabled":false},"version":2},"_wpas_customize_per_network":false},"categories":[5],"tags":[],"class_list":["post-22348","post","type-post","status-publish","format-standard","hentry","category-politica","generate-columns","tablet-grid-50","mobile-grid-100","grid-parent","grid-50"],"jetpack_publicize_connections":[],"jetpack_featured_media_url":"","wps_subtitle":"","jetpack_sharing_enabled":true,"_links":{"self":[{"href":"https:\/\/www.hoymercedes.com.ar\/principal\/wp-json\/wp\/v2\/posts\/22348","targetHints":{"allow":["GET"]}}],"collection":[{"href":"https:\/\/www.hoymercedes.com.ar\/principal\/wp-json\/wp\/v2\/posts"}],"about":[{"href":"https:\/\/www.hoymercedes.com.ar\/principal\/wp-json\/wp\/v2\/types\/post"}],"author":[{"embeddable":true,"href":"https:\/\/www.hoymercedes.com.ar\/principal\/wp-json\/wp\/v2\/users\/1"}],"replies":[{"embeddable":true,"href":"https:\/\/www.hoymercedes.com.ar\/principal\/wp-json\/wp\/v2\/comments?post=22348"}],"version-history":[{"count":0,"href":"https:\/\/www.hoymercedes.com.ar\/principal\/wp-json\/wp\/v2\/posts\/22348\/revisions"}],"wp:attachment":[{"href":"https:\/\/www.hoymercedes.com.ar\/principal\/wp-json\/wp\/v2\/media?parent=22348"}],"wp:term":[{"taxonomy":"category","embeddable":true,"href":"https:\/\/www.hoymercedes.com.ar\/principal\/wp-json\/wp\/v2\/categories?post=22348"},{"taxonomy":"post_tag","embeddable":true,"href":"https:\/\/www.hoymercedes.com.ar\/principal\/wp-json\/wp\/v2\/tags?post=22348"}],"curies":[{"name":"wp","href":"https:\/\/api.w.org\/{rel}","templated":true}]}}