{"id":22368,"date":"2013-05-20T11:32:41","date_gmt":"2013-05-20T11:32:41","guid":{"rendered":"http:\/\/www.hoymercedes.com.ar\/principal\/?p=22368"},"modified":"2013-05-20T11:32:41","modified_gmt":"2013-05-20T11:32:41","slug":"forja-pide-al-concejo-se-manifieste-en-contra-del-arribo-de-los-restos-de-videla-a-la-ciudad","status":"publish","type":"post","link":"https:\/\/www.hoymercedes.com.ar\/principal\/2013\/05\/20\/forja-pide-al-concejo-se-manifieste-en-contra-del-arribo-de-los-restos-de-videla-a-la-ciudad\/","title":{"rendered":"Forja pide al Concejo se manifieste en contra del arribo de los restos de Videla a la ciudad"},"content":{"rendered":"<p>Forja Mercedes manifiesta su opini\u00f3n respecto al posible entierro de los restos del ex Dictador Videla en nuestra ciudad.<\/p>\n<p>El comunicado es el siguiente:<\/p>\n<p style=\"padding-left: 60px;\">\u00abAnte las versiones period\u00edsticas difundidas por medios nacionales que indican que en el\u00a0transcurso de la pr\u00f3xima semana, se realizar\u00eda en el cementerio p\u00fablico de nuestra ciudad el\u00a0sepelio del dictador y genocida Jorge Rafael Videla.<\/p>\n<p style=\"padding-left: 60px;\">Forja Mercedes, declara su absoluto rechazo y repudio, a que Mercedes se transforme en el\u00a0destino final del genocida; invitamos adem\u00e1s al resto de las fuerzas pol\u00edticas de nuestra ciudad a\u00a0declararse inequ\u00edvocamente en este sentido.<\/p>\n<p style=\"padding-left: 60px;\">Forja Mercedes solicita adem\u00e1s, al Concejo Deliberante de Mercedes, una declaraci\u00f3n clara y\u00a0contundente, que contemple el sentimiento de la mayor\u00eda del pueblo de la Ciudad de Mercedes,que no quiere transformase en depositario de los restos del mayor genocida argentino, ni en\u00a0centro de peregrinaje del fascismo argentino.\u00bb<\/p>\n<p style=\"padding-left: 60px;\">\n<p>&nbsp;<\/p>\n<p>&nbsp;<\/p>\n<p>&nbsp;<\/p>\n<p>&nbsp;<\/p>\n<p>&nbsp;<\/p>\n<p>&nbsp;<\/p>\n<p>&nbsp;<\/p>\n","protected":false},"excerpt":{"rendered":"<p>Forja Mercedes manifiesta su opini\u00f3n respecto al posible entierro de los restos del ex Dictador Videla en nuestra ciudad. El &#8230; <a title=\"Forja pide al Concejo se manifieste en contra del arribo de los restos de Videla a la ciudad\" class=\"read-more\" href=\"https:\/\/www.hoymercedes.com.ar\/principal\/2013\/05\/20\/forja-pide-al-concejo-se-manifieste-en-contra-del-arribo-de-los-restos-de-videla-a-la-ciudad\/\" aria-label=\"Leer m\u00e1s sobre Forja pide al Concejo se manifieste en contra del arribo de los restos de Videla a la ciudad\">Leer m\u00e1s<\/a><\/p>\n","protected":false},"author":1,"featured_media":0,"comment_status":"open","ping_status":"open","sticky":false,"template":"","format":"standard","meta":{"_monsterinsights_skip_tracking":false,"_monsterinsights_sitenote_active":false,"_monsterinsights_sitenote_note":"","_monsterinsights_sitenote_category":0,"jetpack_post_was_ever_published":false,"_jetpack_newsletter_access":"","_jetpack_dont_email_post_to_subs":false,"_jetpack_newsletter_tier_id":0,"_jetpack_memberships_contains_paywalled_content":false,"_jetpack_memberships_contains_paid_content":false,"footnotes":"","jetpack_publicize_message":"","jetpack_publicize_feature_enabled":true,"jetpack_social_post_already_shared":true,"jetpack_social_options":{"image_generator_settings":{"template":"highway","default_image_id":0,"font":"","enabled":false},"version":2},"_wpas_customize_per_network":false},"categories":[5],"tags":[3476],"class_list":["post-22368","post","type-post","status-publish","format-standard","hentry","category-politica","tag-videla-en-mercedfes","generate-columns","tablet-grid-50","mobile-grid-100","grid-parent","grid-50"],"jetpack_publicize_connections":[],"jetpack_featured_media_url":"","wps_subtitle":"","jetpack_sharing_enabled":true,"_links":{"self":[{"href":"https:\/\/www.hoymercedes.com.ar\/principal\/wp-json\/wp\/v2\/posts\/22368","targetHints":{"allow":["GET"]}}],"collection":[{"href":"https:\/\/www.hoymercedes.com.ar\/principal\/wp-json\/wp\/v2\/posts"}],"about":[{"href":"https:\/\/www.hoymercedes.com.ar\/principal\/wp-json\/wp\/v2\/types\/post"}],"author":[{"embeddable":true,"href":"https:\/\/www.hoymercedes.com.ar\/principal\/wp-json\/wp\/v2\/users\/1"}],"replies":[{"embeddable":true,"href":"https:\/\/www.hoymercedes.com.ar\/principal\/wp-json\/wp\/v2\/comments?post=22368"}],"version-history":[{"count":0,"href":"https:\/\/www.hoymercedes.com.ar\/principal\/wp-json\/wp\/v2\/posts\/22368\/revisions"}],"wp:attachment":[{"href":"https:\/\/www.hoymercedes.com.ar\/principal\/wp-json\/wp\/v2\/media?parent=22368"}],"wp:term":[{"taxonomy":"category","embeddable":true,"href":"https:\/\/www.hoymercedes.com.ar\/principal\/wp-json\/wp\/v2\/categories?post=22368"},{"taxonomy":"post_tag","embeddable":true,"href":"https:\/\/www.hoymercedes.com.ar\/principal\/wp-json\/wp\/v2\/tags?post=22368"}],"curies":[{"name":"wp","href":"https:\/\/api.w.org\/{rel}","templated":true}]}}