{"id":22418,"date":"2013-05-22T00:33:28","date_gmt":"2013-05-22T00:33:28","guid":{"rendered":"http:\/\/www.hoymercedes.com.ar\/principal\/?p=22418"},"modified":"2013-05-22T00:33:28","modified_gmt":"2013-05-22T00:33:28","slug":"frente-mercedino-gran-preocupacion-pro-trabajos-terciarizados","status":"publish","type":"post","link":"https:\/\/www.hoymercedes.com.ar\/principal\/2013\/05\/22\/frente-mercedino-gran-preocupacion-pro-trabajos-terciarizados\/","title":{"rendered":"Frente Mercedino: gran preocupaci\u00f3n pro trabajos terciarizados"},"content":{"rendered":"<figure id=\"attachment_22420\" aria-describedby=\"caption-attachment-22420\" style=\"width: 610px\" class=\"wp-caption aligncenter\"><a href=\"https:\/\/www.hoymercedes.com.ar\/principal\/wp-content\/uploads\/2013\/05\/JuanPabloL\u00f3pez-CelesteBurone-RobertoCirillo.jpg\"><img loading=\"lazy\" decoding=\"async\" data-attachment-id=\"22420\" data-permalink=\"https:\/\/www.hoymercedes.com.ar\/principal\/2013\/05\/22\/frente-mercedino-gran-preocupacion-pro-trabajos-terciarizados\/juanpablolopez-celesteburone-robertocirillo\/#main\" data-orig-file=\"https:\/\/www.hoymercedes.com.ar\/principal\/wp-content\/uploads\/2013\/05\/JuanPabloL\u00f3pez-CelesteBurone-RobertoCirillo.jpg\" data-orig-size=\"620,465\" data-comments-opened=\"1\" data-image-meta=\"{&quot;aperture&quot;:&quot;3.1&quot;,&quot;credit&quot;:&quot;&quot;,&quot;camera&quot;:&quot;DSC-S2000&quot;,&quot;caption&quot;:&quot;&quot;,&quot;created_timestamp&quot;:&quot;1369134559&quot;,&quot;copyright&quot;:&quot;&quot;,&quot;focal_length&quot;:&quot;6.2&quot;,&quot;iso&quot;:&quot;320&quot;,&quot;shutter_speed&quot;:&quot;0.025&quot;,&quot;title&quot;:&quot;&quot;}\" data-image-title=\"JuanPabloL\u00f3pez-CelesteBurone-RobertoCirillo\" data-image-description=\"\" data-image-caption=\"&lt;p&gt;L\u00f3pez, Cirillo, Burone&lt;\/p&gt;\n\" data-large-file=\"https:\/\/www.hoymercedes.com.ar\/principal\/wp-content\/uploads\/2013\/05\/JuanPabloL\u00f3pez-CelesteBurone-RobertoCirillo.jpg\" class=\"size-full wp-image-22420\" alt=\"L\u00f3pez, Cirillo, Burone\" src=\"https:\/\/www.hoymercedes.com.ar\/principal\/wp-content\/uploads\/2013\/05\/JuanPabloL\u00f3pez-CelesteBurone-RobertoCirillo.jpg\" width=\"620\" height=\"465\" \/><\/a><figcaption id=\"caption-attachment-22420\" class=\"wp-caption-text\">L\u00f3pez, Cirillo, Burone<\/figcaption><\/figure>\n<p style=\"text-align: justify;\"><span style=\"color: #008080;\"><strong>(Semanario D\u00e9cadas)<\/strong><\/span><em><strong> El Frente Mercedino elevar\u00e1 al HCD un pedio de informes por la tercerizaci\u00f3n de trabajos destinados a cortes de pasto en canteros y plazas, en donde se dice que se gastar\u00eda m\u00e1s de 1 mill\u00f3n de pesos.<\/strong><\/em><\/p>\n<p style=\"text-align: justify;\">Seg\u00fan un medio de nuestra ciudad donde detall\u00f3 en sus p\u00e1ginas que el municipio gastar\u00eda m\u00e1s de 1 mill\u00f3n de pesos para mantener el pasto cortado en gran parte de la ciudad, es por eso que el Frente Mercedino convoc\u00f3 a la prensa para dar su posicionamiento al respecto y dar a conocer que pedir\u00e1n, en la pr\u00f3xima sesi\u00f3n del HCD, un informe (rendici\u00f3n de cuentas) con respecto a este tema el Dr. Juan Pablo L\u00f3pez dec\u00eda<em>: \u201ccomo parte del concejo nos tenemos que hacer eco de lo que es la tercerizaci\u00f3n de los trabajos municipales y que antiguamente se prestaban a trav\u00e9s de la municipalidad. El Frente mercedino est\u00e1 presentando dos pedidos de informes relacionados con este tema, el primero de ellos puntualmente en el tema de las tercerizaciones con relaci\u00f3n al mantenimiento de plazas y canteros. Esto es claramente una erogaci\u00f3n que implica en la masa salarial para la municipalidad un impacto muy fuerte, todo lo que sea tercerizaciones y este tipo de gasto, en este caso 1 mill\u00f3n de pesos para este servicio implica que restrinja sensiblemente los recursos municipales y que tambi\u00e9n se vean afectados los salarios de los trabajadores municipales. Una municipalidad que en el a\u00f1o 2003, cuando asume el Intendente Selva, tiene m\u00e1s de trecientos empleados menos en planta permanente, o sea que la incorporaci\u00f3n en estos a\u00f1os ha sido muy fuerte. Incorporaci\u00f3n que nosotros vemos suficiente como para abarcar todo el crecimiento que ha dado la municipalidad y los servicios, por el contrario vemos que los servicios se empiezan a restringir y se empiezan a trasladar a terceras personas o a terceros adjudicatarios en car\u00e1cter de empresas, S.H, etc. Vamos a pedir un informe sobre lo gastado en este rubro para poder hacer una evaluaci\u00f3n y poder expedir nosotros sobre la rendici\u00f3n de cuentas y por supuesto realizar el control de gesti\u00f3n en lo que va de este ejercicio para futuras presentaciones del frente mercedino\u201d.<\/em><\/p>\n<p style=\"text-align: justify;\">En otro sentido hizo hincapi\u00e9 en que se deben tener en cuesta cuestiones m\u00e1s importantes en lo que es a tercerizaci\u00f3n de los trabajos, ya que desde el frente priorizan lo que son los barrios, estado de las calles, limpieza en la ciudad, servicios sociales absolutamente carentes en esta ciudad. Adem\u00e1s mencionan en la conferencia la cantidad de chicos que se encuentran en las calles o en sem\u00e1foros, \u201ces una alarma permanente que nosotros como sociedad y estado municipal no podemos permitir que esto suceda\u201d expresaba el Dr. Juan Pablo L\u00f3pez.<\/p>\n<p style=\"text-align: justify;\">Para ir m\u00e1s \u201cafondo\u201d en lo que es a tercerizaci\u00f3n, el Dr. L\u00f3pez menciono que tienen mucho conocimiento de que hay mucha gente que presta servicio al municipio, y que no lo hacen en caridad de planta permanente o jornalizado, son contrataciones que realiza el municipio, en este sentido anunciaba, \u201cvamos a pedir una n\u00f3mina completa de cuales son para tener claridad en este sentido. No estamos hablando de los proveedores, sino de aquellas personas que tienen relaci\u00f3n laboral con el municipio, pero que no lo hacen en caridad de empleado. Pediremos la n\u00f3mina, cual es la modalidad contractual que se tiene, cual es el servicio que prestan y el n\u00famero de CUIT de cada una de ellas para tener una identificaci\u00f3n y ver si se cumplen con las medidas legales correspondientes\u201d.<\/p>\n<p style=\"text-align: justify;\"><span style=\"color: #008080;\"><em><strong>Adelanto de la pr\u00f3xima edici\u00f3n de Semanario D\u00e9cadas<\/strong><\/em><\/span><\/p>\n","protected":false},"excerpt":{"rendered":"<p>(Semanario D\u00e9cadas) El Frente Mercedino elevar\u00e1 al HCD un pedio de informes por la tercerizaci\u00f3n de trabajos destinados a cortes &#8230; <a title=\"Frente Mercedino: gran preocupaci\u00f3n pro trabajos terciarizados\" class=\"read-more\" href=\"https:\/\/www.hoymercedes.com.ar\/principal\/2013\/05\/22\/frente-mercedino-gran-preocupacion-pro-trabajos-terciarizados\/\" aria-label=\"Leer m\u00e1s sobre Frente Mercedino: gran preocupaci\u00f3n pro trabajos terciarizados\">Leer m\u00e1s<\/a><\/p>\n","protected":false},"author":1,"featured_media":0,"comment_status":"open","ping_status":"open","sticky":false,"template":"","format":"standard","meta":{"_monsterinsights_skip_tracking":false,"_monsterinsights_sitenote_active":false,"_monsterinsights_sitenote_note":"","_monsterinsights_sitenote_category":0,"jetpack_post_was_ever_published":false,"_jetpack_newsletter_access":"","_jetpack_dont_email_post_to_subs":false,"_jetpack_newsletter_tier_id":0,"_jetpack_memberships_contains_paywalled_content":false,"_jetpack_memberships_contains_paid_content":false,"footnotes":"","jetpack_publicize_message":"","jetpack_publicize_feature_enabled":true,"jetpack_social_post_already_shared":true,"jetpack_social_options":{"image_generator_settings":{"template":"highway","default_image_id":0,"font":"","enabled":false},"version":2},"_wpas_customize_per_network":false},"categories":[5],"tags":[379,3480],"class_list":["post-22418","post","type-post","status-publish","format-standard","hentry","category-politica","tag-frente-mercedino-para-la-victoria","tag-trabajadores-tercearizados","generate-columns","tablet-grid-50","mobile-grid-100","grid-parent","grid-50"],"jetpack_publicize_connections":[],"jetpack_featured_media_url":"","wps_subtitle":"","jetpack_sharing_enabled":true,"_links":{"self":[{"href":"https:\/\/www.hoymercedes.com.ar\/principal\/wp-json\/wp\/v2\/posts\/22418","targetHints":{"allow":["GET"]}}],"collection":[{"href":"https:\/\/www.hoymercedes.com.ar\/principal\/wp-json\/wp\/v2\/posts"}],"about":[{"href":"https:\/\/www.hoymercedes.com.ar\/principal\/wp-json\/wp\/v2\/types\/post"}],"author":[{"embeddable":true,"href":"https:\/\/www.hoymercedes.com.ar\/principal\/wp-json\/wp\/v2\/users\/1"}],"replies":[{"embeddable":true,"href":"https:\/\/www.hoymercedes.com.ar\/principal\/wp-json\/wp\/v2\/comments?post=22418"}],"version-history":[{"count":0,"href":"https:\/\/www.hoymercedes.com.ar\/principal\/wp-json\/wp\/v2\/posts\/22418\/revisions"}],"wp:attachment":[{"href":"https:\/\/www.hoymercedes.com.ar\/principal\/wp-json\/wp\/v2\/media?parent=22418"}],"wp:term":[{"taxonomy":"category","embeddable":true,"href":"https:\/\/www.hoymercedes.com.ar\/principal\/wp-json\/wp\/v2\/categories?post=22418"},{"taxonomy":"post_tag","embeddable":true,"href":"https:\/\/www.hoymercedes.com.ar\/principal\/wp-json\/wp\/v2\/tags?post=22418"}],"curies":[{"name":"wp","href":"https:\/\/api.w.org\/{rel}","templated":true}]}}