{"id":22456,"date":"2013-05-23T02:13:37","date_gmt":"2013-05-23T02:13:37","guid":{"rendered":"http:\/\/www.hoymercedes.com.ar\/principal\/?p=22456"},"modified":"2013-05-23T02:13:37","modified_gmt":"2013-05-23T02:13:37","slug":"selva-se-reunio-con-jovenes-de-los-robles","status":"publish","type":"post","link":"https:\/\/www.hoymercedes.com.ar\/principal\/2013\/05\/23\/selva-se-reunio-con-jovenes-de-los-robles\/","title":{"rendered":"Selva se reuni\u00f3 con j\u00f3venes de Los Robles"},"content":{"rendered":"<figure id=\"attachment_22458\" aria-describedby=\"caption-attachment-22458\" style=\"width: 610px\" class=\"wp-caption aligncenter\"><a href=\"https:\/\/www.hoymercedes.com.ar\/principal\/wp-content\/uploads\/2013\/05\/Selva-LosRobles.jpg\"><img loading=\"lazy\" decoding=\"async\" data-attachment-id=\"22458\" data-permalink=\"https:\/\/www.hoymercedes.com.ar\/principal\/2013\/05\/23\/selva-se-reunio-con-jovenes-de-los-robles\/selva-losrobles\/#main\" data-orig-file=\"https:\/\/www.hoymercedes.com.ar\/principal\/wp-content\/uploads\/2013\/05\/Selva-LosRobles.jpg\" data-orig-size=\"620,465\" data-comments-opened=\"1\" data-image-meta=\"{&quot;aperture&quot;:&quot;3.9&quot;,&quot;credit&quot;:&quot;&quot;,&quot;camera&quot;:&quot;KODAK EASYSHARE Touch Camera, M5370&quot;,&quot;caption&quot;:&quot;&quot;,&quot;created_timestamp&quot;:&quot;1368538488&quot;,&quot;copyright&quot;:&quot;&quot;,&quot;focal_length&quot;:&quot;5.1&quot;,&quot;iso&quot;:&quot;200&quot;,&quot;shutter_speed&quot;:&quot;0.033333333333333&quot;,&quot;title&quot;:&quot;&quot;}\" data-image-title=\"Selva-LosRobles\" data-image-description=\"\" data-image-caption=\"&lt;p&gt;Selva con j\u00f3venes de los Robles&lt;\/p&gt;\n\" data-large-file=\"https:\/\/www.hoymercedes.com.ar\/principal\/wp-content\/uploads\/2013\/05\/Selva-LosRobles.jpg\" class=\"size-full wp-image-22458\" alt=\"Selva con j\u00f3venes de los Robles\" src=\"https:\/\/www.hoymercedes.com.ar\/principal\/wp-content\/uploads\/2013\/05\/Selva-LosRobles.jpg\" width=\"620\" height=\"465\" \/><\/a><figcaption id=\"caption-attachment-22458\" class=\"wp-caption-text\">Selva con j\u00f3venes de los Robles<\/figcaption><\/figure>\n<p><em><strong>El encuentro entre el primer mandatario local y los j\u00f3venes se realiz\u00f3 en el \u00e1mbito de su despacho privado. Se trat\u00f3 de un encuentro con j\u00f3venes que est\u00e1n planificando y ejecutando diversos arreglos y mejoras en su barrio.<\/strong><\/em><\/p>\n<p>Estuvieron presentes Eugenia Torres,Agustina Benitez y Nicolas Cardenas, todos ellos del Barrio los Robles.<\/p>\n<p>La entrevista se efectu\u00f3 por inquietudes de los j\u00f3venes que est\u00e1n llevando a cabo arreglos y mejoramientos en los sectores que corresponde al barrio los robles.<\/p>\n<p>Se supo que los j\u00f3venes pidieron informaci\u00f3n a la Municipalidad sobre la conexi\u00f3n de la ca\u00f1er\u00eda del gas natural de la calle 52 y calle 7 hasta el CAP y la posibilidad de agregar mesas, bancos, cestos para residuos, arboles en la plaza de la 7 y 52, entre otras cuestiones.<\/p>\n<p>Tambi\u00e9n solicitaron apoyo para eventos que est\u00e1n proyectando, informaron.<\/p>\n","protected":false},"excerpt":{"rendered":"<p>El encuentro entre el primer mandatario local y los j\u00f3venes se realiz\u00f3 en el \u00e1mbito de su despacho privado. Se &#8230; <a title=\"Selva se reuni\u00f3 con j\u00f3venes de Los Robles\" class=\"read-more\" href=\"https:\/\/www.hoymercedes.com.ar\/principal\/2013\/05\/23\/selva-se-reunio-con-jovenes-de-los-robles\/\" aria-label=\"Leer m\u00e1s sobre Selva se reuni\u00f3 con j\u00f3venes de Los Robles\">Leer m\u00e1s<\/a><\/p>\n","protected":false},"author":1,"featured_media":0,"comment_status":"open","ping_status":"open","sticky":false,"template":"","format":"standard","meta":{"_monsterinsights_skip_tracking":false,"_monsterinsights_sitenote_active":false,"_monsterinsights_sitenote_note":"","_monsterinsights_sitenote_category":0,"jetpack_post_was_ever_published":false,"_jetpack_newsletter_access":"","_jetpack_dont_email_post_to_subs":false,"_jetpack_newsletter_tier_id":0,"_jetpack_memberships_contains_paywalled_content":false,"_jetpack_memberships_contains_paid_content":false,"footnotes":"","jetpack_publicize_message":"","jetpack_publicize_feature_enabled":true,"jetpack_social_post_already_shared":true,"jetpack_social_options":{"image_generator_settings":{"template":"highway","default_image_id":0,"font":"","enabled":false},"version":2},"_wpas_customize_per_network":false},"categories":[5],"tags":[39],"class_list":["post-22456","post","type-post","status-publish","format-standard","hentry","category-politica","tag-carlos-selva","generate-columns","tablet-grid-50","mobile-grid-100","grid-parent","grid-50"],"jetpack_publicize_connections":[],"jetpack_featured_media_url":"","wps_subtitle":"","jetpack_sharing_enabled":true,"_links":{"self":[{"href":"https:\/\/www.hoymercedes.com.ar\/principal\/wp-json\/wp\/v2\/posts\/22456","targetHints":{"allow":["GET"]}}],"collection":[{"href":"https:\/\/www.hoymercedes.com.ar\/principal\/wp-json\/wp\/v2\/posts"}],"about":[{"href":"https:\/\/www.hoymercedes.com.ar\/principal\/wp-json\/wp\/v2\/types\/post"}],"author":[{"embeddable":true,"href":"https:\/\/www.hoymercedes.com.ar\/principal\/wp-json\/wp\/v2\/users\/1"}],"replies":[{"embeddable":true,"href":"https:\/\/www.hoymercedes.com.ar\/principal\/wp-json\/wp\/v2\/comments?post=22456"}],"version-history":[{"count":0,"href":"https:\/\/www.hoymercedes.com.ar\/principal\/wp-json\/wp\/v2\/posts\/22456\/revisions"}],"wp:attachment":[{"href":"https:\/\/www.hoymercedes.com.ar\/principal\/wp-json\/wp\/v2\/media?parent=22456"}],"wp:term":[{"taxonomy":"category","embeddable":true,"href":"https:\/\/www.hoymercedes.com.ar\/principal\/wp-json\/wp\/v2\/categories?post=22456"},{"taxonomy":"post_tag","embeddable":true,"href":"https:\/\/www.hoymercedes.com.ar\/principal\/wp-json\/wp\/v2\/tags?post=22456"}],"curies":[{"name":"wp","href":"https:\/\/api.w.org\/{rel}","templated":true}]}}