{"id":2248,"date":"2011-02-16T01:05:44","date_gmt":"2011-02-16T01:05:44","guid":{"rendered":"http:\/\/www.hoymercedes.com.ar\/principal\/?p=2248"},"modified":"2011-02-16T01:05:44","modified_gmt":"2011-02-16T01:05:44","slug":"hallan-cuerpo-sin-vida-de-un-hombre","status":"publish","type":"post","link":"https:\/\/www.hoymercedes.com.ar\/principal\/2011\/02\/16\/hallan-cuerpo-sin-vida-de-un-hombre\/","title":{"rendered":"Hallan cuerpo sin vida de un hombre"},"content":{"rendered":"<p><!-- p { margin-bottom: 0.21cm; } --><span style=\"font-size: small;\">El hallazgo se produjo minutos despu\u00e9s de las 13,00 en un predio ubicado en las proximidades del centro Integrador Complementario de calle 10 y 65. Al cierre de nuestra edici\u00f3n el medico policial se encontraba realizando la autopsia correspondiente para determinar la causa del deceso<\/span><\/p>\n<p><span style=\"font-size: small;\">Personal de la Estaci\u00f3n Comunal Mercedes de la Polic\u00eda de la Provincia de Buenos Aires confirmaron el hallazgo en las proximidades del Centro Integrador Complementario en un predio cercano a a las calles 10 y 65.<\/span><\/p>\n<p><span style=\"font-size: small;\">El oficial de turno de la Comunal sostuvo ante la requisitoria period\u00edstica \u201ctomamos conocimiento del hecho alrededor de las 13.00 y minutos m\u00e1s tarde se hizo presente en el lugar una unidad de nuestra Estaci\u00f3n Comunal verificando la existencia de un cuerpo sin vida de una persona de sexo masculino, por lo cual de manera inmediata se dio intervenci\u00f3n a la Fiscal\u00eda en Turno a cargo del Dr. Illanes quien orden\u00f3 la realizaci\u00f3n de las primeras pericias en el lugar buscando cualquier tipo de elemento que pudiese esclarecer el motivo del deceso hasta que se pueda conocer los resultados de la autopsia que se iba a realizar a partir de las 18.00 pero el m\u00e9dico policial inform\u00f3 que se iba a demorar por lo cual hasta el momento (las 20.00) no tenemos en nuestro poder el resultado as\u00ed que calculamos que reci\u00e9n ma\u00f1ana por la ma\u00f1ana (por hoy) vamos a estar en condiciones de dar m\u00e1s informaciones\u201d.<\/span><\/p>\n<p><span style=\"font-size: small;\">De cualquier manera se supo que el Dr,. Illa\u00f1es orden\u00f3 que se cortara e\u00f1l pasto en todo el per\u00edmetro del predio donde fue hallado el cuerpo sin vida del hombre ante la posibilidad de poder encontrar en las cercan\u00edas donde se encontraba el cuerpo un arma aunque no se hab\u00eda podido determinar si la v\u00edctima ten\u00eda alguna herida de bala.<\/span><\/p>\n<p><span style=\"font-size: small;\">El vocero policial sostuvo \u201ca simple vista habr\u00eda una marca en la cabeza pero el m\u00e9dico policial no supo certificar si se trataba de un orificio de bala de un arma de bajo calibre como por ejemplo una 22 y hasta no hacer la autopsia no se pod\u00eda saber.<\/span><\/p>\n<p><span style=\"font-size: small;\">Adem\u00e1s el m\u00e9dico calcul\u00f3 que al momento de ser encontrado el cuerpo ya ten\u00eda alrededor de 12 horas de haberse producido el deceso\u201d.<\/span><\/p>\n","protected":false},"excerpt":{"rendered":"<p>El hallazgo se produjo minutos despu\u00e9s de las 13,00 en un predio ubicado en las proximidades del centro Integrador Complementario &#8230; <a title=\"Hallan cuerpo sin vida de un hombre\" class=\"read-more\" href=\"https:\/\/www.hoymercedes.com.ar\/principal\/2011\/02\/16\/hallan-cuerpo-sin-vida-de-un-hombre\/\" aria-label=\"Leer m\u00e1s sobre Hallan cuerpo sin vida de un hombre\">Leer m\u00e1s<\/a><\/p>\n","protected":false},"author":1,"featured_media":0,"comment_status":"open","ping_status":"open","sticky":false,"template":"","format":"standard","meta":{"_monsterinsights_skip_tracking":false,"_monsterinsights_sitenote_active":false,"_monsterinsights_sitenote_note":"","_monsterinsights_sitenote_category":0,"jetpack_post_was_ever_published":false,"_jetpack_newsletter_access":"","_jetpack_dont_email_post_to_subs":false,"_jetpack_newsletter_tier_id":0,"_jetpack_memberships_contains_paywalled_content":false,"_jetpack_memberships_contains_paid_content":false,"footnotes":"","jetpack_publicize_message":"","jetpack_publicize_feature_enabled":true,"jetpack_social_post_already_shared":false,"jetpack_social_options":{"image_generator_settings":{"template":"highway","default_image_id":0,"font":"","enabled":false},"version":2},"_wpas_customize_per_network":false},"categories":[1],"tags":[],"class_list":["post-2248","post","type-post","status-publish","format-standard","hentry","category-opinion","generate-columns","tablet-grid-50","mobile-grid-100","grid-parent","grid-50"],"jetpack_publicize_connections":[],"jetpack_featured_media_url":"","wps_subtitle":"","jetpack_sharing_enabled":true,"_links":{"self":[{"href":"https:\/\/www.hoymercedes.com.ar\/principal\/wp-json\/wp\/v2\/posts\/2248","targetHints":{"allow":["GET"]}}],"collection":[{"href":"https:\/\/www.hoymercedes.com.ar\/principal\/wp-json\/wp\/v2\/posts"}],"about":[{"href":"https:\/\/www.hoymercedes.com.ar\/principal\/wp-json\/wp\/v2\/types\/post"}],"author":[{"embeddable":true,"href":"https:\/\/www.hoymercedes.com.ar\/principal\/wp-json\/wp\/v2\/users\/1"}],"replies":[{"embeddable":true,"href":"https:\/\/www.hoymercedes.com.ar\/principal\/wp-json\/wp\/v2\/comments?post=2248"}],"version-history":[{"count":0,"href":"https:\/\/www.hoymercedes.com.ar\/principal\/wp-json\/wp\/v2\/posts\/2248\/revisions"}],"wp:attachment":[{"href":"https:\/\/www.hoymercedes.com.ar\/principal\/wp-json\/wp\/v2\/media?parent=2248"}],"wp:term":[{"taxonomy":"category","embeddable":true,"href":"https:\/\/www.hoymercedes.com.ar\/principal\/wp-json\/wp\/v2\/categories?post=2248"},{"taxonomy":"post_tag","embeddable":true,"href":"https:\/\/www.hoymercedes.com.ar\/principal\/wp-json\/wp\/v2\/tags?post=2248"}],"curies":[{"name":"wp","href":"https:\/\/api.w.org\/{rel}","templated":true}]}}