{"id":22514,"date":"2013-05-25T16:56:51","date_gmt":"2013-05-25T16:56:51","guid":{"rendered":"http:\/\/www.hoymercedes.com.ar\/principal\/?p=22514"},"modified":"2013-05-25T16:56:51","modified_gmt":"2013-05-25T16:56:51","slug":"detienen-a-jovenes-por-robo-de-ciclimotor","status":"publish","type":"post","link":"https:\/\/www.hoymercedes.com.ar\/principal\/2013\/05\/25\/detienen-a-jovenes-por-robo-de-ciclimotor\/","title":{"rendered":"Detienen a j\u00f3venes por robo de ciclimotor"},"content":{"rendered":"<p><em><strong>Se trata de la detenci\u00f3n de tres j\u00f3venes por robos de ciclomotor 110cc sustra\u00eddo de calle 26 y 23. La polic\u00eda los detuvo y est\u00e1n ya a disposici\u00f3n de la justicia. Los hechos sucedieron hace unos d\u00edas atr\u00e1s.<\/strong><\/em><\/p>\n<p>Los j\u00f3venes fueron encontrados mientras\u00a0andaban dando vueltas en una motocicleta de 110 cc, por calle 26 y 23, robaron otro rodado de esas caracter\u00edsticas que estaba estacionada en la zona, siendo esto advertido por las c\u00e1maras de seguridad, desde donde dieron aviso a la Polic\u00eda. se inici\u00f3 un operativo cerrojo, donde lograron detener a pocas cuadras del lugar a un sujeto de 24 a\u00f1os acompa\u00f1ado de otro de 21 a\u00f1os estando acompa\u00f1ados por un menor de edad.<\/p>\n<p>Secuestraron la motocicleta que estos se hab\u00edan apoderado. La Polic\u00eda le dio intervenci\u00f3n a la fiscal\u00eda de turno, desde donde ordenaron que los mayores quedaran detenidos y el menor que fuera entregado a sus progenitores. Por esto se inicio una causa penal caratulada Robo de\u00a0Veh\u00edculo.<\/p>\n","protected":false},"excerpt":{"rendered":"<p>Se trata de la detenci\u00f3n de tres j\u00f3venes por robos de ciclomotor 110cc sustra\u00eddo de calle 26 y 23. La &#8230; <a title=\"Detienen a j\u00f3venes por robo de ciclimotor\" class=\"read-more\" href=\"https:\/\/www.hoymercedes.com.ar\/principal\/2013\/05\/25\/detienen-a-jovenes-por-robo-de-ciclimotor\/\" aria-label=\"Leer m\u00e1s sobre Detienen a j\u00f3venes por robo de ciclimotor\">Leer m\u00e1s<\/a><\/p>\n","protected":false},"author":1,"featured_media":0,"comment_status":"open","ping_status":"open","sticky":false,"template":"","format":"standard","meta":{"_monsterinsights_skip_tracking":false,"_monsterinsights_sitenote_active":false,"_monsterinsights_sitenote_note":"","_monsterinsights_sitenote_category":0,"jetpack_post_was_ever_published":false,"_jetpack_newsletter_access":"","_jetpack_dont_email_post_to_subs":false,"_jetpack_newsletter_tier_id":0,"_jetpack_memberships_contains_paywalled_content":false,"_jetpack_memberships_contains_paid_content":false,"footnotes":"","jetpack_publicize_message":"","jetpack_publicize_feature_enabled":true,"jetpack_social_post_already_shared":true,"jetpack_social_options":{"image_generator_settings":{"template":"highway","default_image_id":0,"font":"","enabled":false},"version":2},"_wpas_customize_per_network":false},"categories":[85],"tags":[666],"class_list":["post-22514","post","type-post","status-publish","format-standard","hentry","category-policial","tag-robos-mercedes","generate-columns","tablet-grid-50","mobile-grid-100","grid-parent","grid-50"],"jetpack_publicize_connections":[],"jetpack_featured_media_url":"","wps_subtitle":"","jetpack_sharing_enabled":true,"_links":{"self":[{"href":"https:\/\/www.hoymercedes.com.ar\/principal\/wp-json\/wp\/v2\/posts\/22514","targetHints":{"allow":["GET"]}}],"collection":[{"href":"https:\/\/www.hoymercedes.com.ar\/principal\/wp-json\/wp\/v2\/posts"}],"about":[{"href":"https:\/\/www.hoymercedes.com.ar\/principal\/wp-json\/wp\/v2\/types\/post"}],"author":[{"embeddable":true,"href":"https:\/\/www.hoymercedes.com.ar\/principal\/wp-json\/wp\/v2\/users\/1"}],"replies":[{"embeddable":true,"href":"https:\/\/www.hoymercedes.com.ar\/principal\/wp-json\/wp\/v2\/comments?post=22514"}],"version-history":[{"count":0,"href":"https:\/\/www.hoymercedes.com.ar\/principal\/wp-json\/wp\/v2\/posts\/22514\/revisions"}],"wp:attachment":[{"href":"https:\/\/www.hoymercedes.com.ar\/principal\/wp-json\/wp\/v2\/media?parent=22514"}],"wp:term":[{"taxonomy":"category","embeddable":true,"href":"https:\/\/www.hoymercedes.com.ar\/principal\/wp-json\/wp\/v2\/categories?post=22514"},{"taxonomy":"post_tag","embeddable":true,"href":"https:\/\/www.hoymercedes.com.ar\/principal\/wp-json\/wp\/v2\/tags?post=22514"}],"curies":[{"name":"wp","href":"https:\/\/api.w.org\/{rel}","templated":true}]}}