{"id":2254,"date":"2011-02-16T04:26:40","date_gmt":"2011-02-16T04:26:40","guid":{"rendered":"http:\/\/www.hoymercedes.com.ar\/principal\/?p=2254"},"modified":"2011-02-16T04:41:32","modified_gmt":"2011-02-16T04:41:32","slug":"selva-se-reunio-con-jovenes-de-la-agrupacion-17-de-octubre","status":"publish","type":"post","link":"https:\/\/www.hoymercedes.com.ar\/principal\/2011\/02\/16\/selva-se-reunio-con-jovenes-de-la-agrupacion-17-de-octubre\/","title":{"rendered":"Selva se reuni\u00f3 con j\u00f3venes de la agrupaci\u00f3n 17 de Octubre"},"content":{"rendered":"<p><a href=\"https:\/\/www.hoymercedes.com.ar\/principal\/wp-content\/uploads\/2011\/02\/jovenes17octubre1.jpg\"><img loading=\"lazy\" decoding=\"async\" data-attachment-id=\"2257\" data-permalink=\"https:\/\/www.hoymercedes.com.ar\/principal\/2011\/02\/16\/selva-se-reunio-con-jovenes-de-la-agrupacion-17-de-octubre\/jovenes17octubre\/#main\" data-orig-file=\"https:\/\/www.hoymercedes.com.ar\/principal\/wp-content\/uploads\/2011\/02\/jovenes17octubre1.jpg\" data-orig-size=\"500,375\" data-comments-opened=\"1\" data-image-meta=\"{&quot;aperture&quot;:&quot;2.8&quot;,&quot;credit&quot;:&quot;&quot;,&quot;camera&quot;:&quot;COOLPIX L10&quot;,&quot;caption&quot;:&quot;&quot;,&quot;created_timestamp&quot;:&quot;1297518090&quot;,&quot;copyright&quot;:&quot;Copyright 2006&quot;,&quot;focal_length&quot;:&quot;6.2&quot;,&quot;iso&quot;:&quot;400&quot;,&quot;shutter_speed&quot;:&quot;0.016666666666667&quot;,&quot;title&quot;:&quot;&quot;}\" data-image-title=\"jovenes17octubre\" data-image-description=\"\" data-image-caption=\"\" data-large-file=\"https:\/\/www.hoymercedes.com.ar\/principal\/wp-content\/uploads\/2011\/02\/jovenes17octubre1.jpg\" class=\"aligncenter size-full wp-image-2257\" title=\"jovenes17octubre\" src=\"https:\/\/www.hoymercedes.com.ar\/principal\/wp-content\/uploads\/2011\/02\/jovenes17octubre1.jpg\" alt=\"\" width=\"500\" height=\"375\" \/><\/a><\/p>\n<p style=\"text-align: justify;\">Un grupo de j\u00f3venes militantes de la JP que pertenecen a la Agrupaci\u00f3n 17 de Octubre se reunieron con el l\u00edder de la misma y presidente del PJ local Carlos Selva con el objetivo de abordar temas relacionados con los diferentes Programas de ayuda que desde el gobierno nacional y provincial se han implementado para favorecer socialmente a los que menos tienen.<\/p>\n<p style=\"text-align: justify;\">Selva sostuvo \u201ccreo que como juventud tienen que ser vistos como referentes v\u00e1lidos\u00a0 de la sociedad, creo que tenemos mucho trabajo hecho y hoy nos encontramos con un mont\u00f3n de programas en los cuales trabaja el Departamento Ejecutivo que ustedes m\u00e1s all\u00e1 de no ser como en muchos casos actores directos de esa instrumentaci\u00f3n de los programas lo m\u00e1s importante es que sepan que hay un trabajo fuerte de conocimiento cabal de los distintos programas que ata\u00f1an a la problem\u00e1tica de la juventud.  Ese es el trabajo que ustedes deben realizar y as\u00ed tendr\u00e1n la oportunidad de efectuar una convocatoria con bases firmes y despu\u00e9s lo que ya sabemos, marcar una presencia como por ejemplo la que ha decidido tener Agust\u00edn (Lasala) con la gran responsabilidad de tomar a su cargo uno de los Programas con tal vez mayor grado de complejidad pata poder instrumentarlos y hoy hay que dar pasos hacia adelante con el Programa Envi\u00f3n que esta orientado hacia un sector con una determinada problem\u00e1tica, despu\u00e9s existe la diversidad de lo que es el campo de acci\u00f3n de lo que determina el mismo contacto con los j\u00f3venes.<\/p>\n<p style=\"text-align: justify;\">Por eso hoy tenemos la oportunidad hist\u00f3rica de decir que tenemos las puertas abiertas para canalizar las inquietudes entonces debemos darnos una organizaci\u00f3n, un respaldo entre\u00a0 los distintos compa\u00f1eros que forman parte de esto y tambi\u00e9n tomemos el conocimiento fehaciente de los que son las estructuras municipales.  Quiero que quede en claro que no nosotros no estamos trabajando en contra de nadie, sino a favor de la presencia de una juventud sana que no tiene bronca ni nada por el estilo contra nadie, que pretende buscar un \u00e1mbito de trabajo y consolidaci\u00f3n del proyecto, creo que debemos seguir trabajando por ejemplo en\u00a0 aumentar la oferta en Educaci\u00f3n y en tal sentido desde que comenzamos la gesti\u00f3n nos hemos dedicado a ello a pleno pero sabemos muy bien que nos hace falta mucho m\u00e1s\u201d.<\/p>\n<p style=\"text-align: justify;\">Por su parte Agust\u00edn Lasala manifest\u00f3 \u201cnosotros como juventud de la Agrupaci\u00f3n 17 de Octubre queremos profundizar el trabajo que estamos realizando en los barrios y todas estas tarea como ser campeonatos de f\u00fatbol, arreglos de Plazas y otros sectores y para este a\u00f1o propusimos el programa \u00a0Verano para Todos, una propuesta en la que pueden participar todos los j\u00f3venes de los diferentes barrios de la ciudad incluso haci\u00e9ndonos llegar las inquietudes que ellos tienen.  Los barrios que participan de este proyecto son San Mart\u00edn, Marchetti, Lopardo, Muttis, Facundo Quiroga, Unidad y Progreso, Esperanza,\u00a0 y Ravello, proponiendo contar con un espacio para los j\u00f3venes donde estos puedan expresar lo que m\u00e1s necesiten o bien llevar adelante propuestas que nosotros con el nexo del intendente podemos llegar en la medida de lo posible a resolverlo\u201d.<\/p>\n","protected":false},"excerpt":{"rendered":"<p>Un grupo de j\u00f3venes militantes de la JP que pertenecen a la Agrupaci\u00f3n 17 de Octubre se reunieron con el &#8230; <a title=\"Selva se reuni\u00f3 con j\u00f3venes de la agrupaci\u00f3n 17 de Octubre\" class=\"read-more\" href=\"https:\/\/www.hoymercedes.com.ar\/principal\/2011\/02\/16\/selva-se-reunio-con-jovenes-de-la-agrupacion-17-de-octubre\/\" aria-label=\"Leer m\u00e1s sobre Selva se reuni\u00f3 con j\u00f3venes de la agrupaci\u00f3n 17 de Octubre\">Leer m\u00e1s<\/a><\/p>\n","protected":false},"author":1,"featured_media":0,"comment_status":"open","ping_status":"open","sticky":false,"template":"","format":"standard","meta":{"_monsterinsights_skip_tracking":false,"_monsterinsights_sitenote_active":false,"_monsterinsights_sitenote_note":"","_monsterinsights_sitenote_category":0,"jetpack_post_was_ever_published":false,"_jetpack_newsletter_access":"","_jetpack_dont_email_post_to_subs":false,"_jetpack_newsletter_tier_id":0,"_jetpack_memberships_contains_paywalled_content":false,"_jetpack_memberships_contains_paid_content":false,"footnotes":"","jetpack_publicize_message":"","jetpack_publicize_feature_enabled":true,"jetpack_social_post_already_shared":false,"jetpack_social_options":{"image_generator_settings":{"template":"highway","default_image_id":0,"font":"","enabled":false},"version":2},"_wpas_customize_per_network":false},"categories":[30,5],"tags":[492,491,18],"class_list":["post-2254","post","type-post","status-publish","format-standard","hentry","category-municipio","category-politica","tag-17-de-octubre","tag-jovenes","tag-selva","generate-columns","tablet-grid-50","mobile-grid-100","grid-parent","grid-50"],"jetpack_publicize_connections":[],"jetpack_featured_media_url":"","wps_subtitle":"","jetpack_sharing_enabled":true,"_links":{"self":[{"href":"https:\/\/www.hoymercedes.com.ar\/principal\/wp-json\/wp\/v2\/posts\/2254","targetHints":{"allow":["GET"]}}],"collection":[{"href":"https:\/\/www.hoymercedes.com.ar\/principal\/wp-json\/wp\/v2\/posts"}],"about":[{"href":"https:\/\/www.hoymercedes.com.ar\/principal\/wp-json\/wp\/v2\/types\/post"}],"author":[{"embeddable":true,"href":"https:\/\/www.hoymercedes.com.ar\/principal\/wp-json\/wp\/v2\/users\/1"}],"replies":[{"embeddable":true,"href":"https:\/\/www.hoymercedes.com.ar\/principal\/wp-json\/wp\/v2\/comments?post=2254"}],"version-history":[{"count":0,"href":"https:\/\/www.hoymercedes.com.ar\/principal\/wp-json\/wp\/v2\/posts\/2254\/revisions"}],"wp:attachment":[{"href":"https:\/\/www.hoymercedes.com.ar\/principal\/wp-json\/wp\/v2\/media?parent=2254"}],"wp:term":[{"taxonomy":"category","embeddable":true,"href":"https:\/\/www.hoymercedes.com.ar\/principal\/wp-json\/wp\/v2\/categories?post=2254"},{"taxonomy":"post_tag","embeddable":true,"href":"https:\/\/www.hoymercedes.com.ar\/principal\/wp-json\/wp\/v2\/tags?post=2254"}],"curies":[{"name":"wp","href":"https:\/\/api.w.org\/{rel}","templated":true}]}}