{"id":22544,"date":"2013-05-27T13:35:44","date_gmt":"2013-05-27T13:35:44","guid":{"rendered":"http:\/\/www.hoymercedes.com.ar\/principal\/?p=22544"},"modified":"2013-05-27T13:35:44","modified_gmt":"2013-05-27T13:35:44","slug":"ines-ghione-no-cuestiono-los-procedimientos-sino-en-que-se-gasto","status":"publish","type":"post","link":"https:\/\/www.hoymercedes.com.ar\/principal\/2013\/05\/27\/ines-ghione-no-cuestiono-los-procedimientos-sino-en-que-se-gasto\/","title":{"rendered":"In\u00e9s Ghione: \u201cno cuestiono los procedimientos, sino en qu\u00e9 se gast\u00f3\u201d"},"content":{"rendered":"<p><em><strong>La concejal In\u00e9s Ghione no aprobar\u00e1 la rendici\u00f3n de cuentas 2012 en los \u00e1mbitos ejecutivos ni deliberativos. Sostiene que no le imputa malos manejos, sino, las elecciones realizadas a la hora de elegir en qu\u00e9 se consumen los fondos p\u00fablicos, dando como ejemplos eventos privados en los cuales el municipio aporta much\u00edsimo y son actos con entradas pagas, afirm\u00f3. Tambi\u00e9n cuestion\u00f3 ordenanzas no cumplidas y aclar\u00f3 su situaci\u00f3n respecto a la dieta como Concejal.<\/strong><\/em><\/p>\n<p>hione afirm\u00f3: \u201cla rendici\u00f3n es un despacho, dividido, donde adherir\u00e9 al despacho en minor\u00eda que es de no aprobaci\u00f3n, no por la cuesti\u00f3n t\u00e9cnica, contable, porque el Rafan es un m\u00e9todo muy prolijo que muestra que est\u00e1 bien hecho, sino, por cuestiones pol\u00edtica, no la forma, sino en c\u00f3mo y en qu\u00e9 se gasta. Hay cosas que vi que son excesivos para temas de fiestas y eventos y el incumplimiento de tres ordenanzas desde el 2003 a la fecha que hemos conseguido cuando aprobamos el presupuesto que sean incorporadas y las partidas para su cumplimiento y viendo el ejecutado encuentro que no solamente no se cumpli\u00f3 sino que adem\u00e1s directamente se hizo una modificaci\u00f3n a esa partida y cuando figura as\u00ed es porque ha sido a otro rubro, lugar o compensaci\u00f3n. La realidad es que se deben cumplir. Una es la terminaci\u00f3n del CIC para el Barrio Esperanza con una partida de 50 mil pesos, otra el monitoreo de las bocas de agua y por \u00faltimo la jerarquizaci\u00f3n de la zona c\u00e9ntrica. No se han cumplido. Todas correspondientes a Obras P\u00fablicas. Hay otros temas, como eventos donde el municipio auspicia, pero no organiza y el hecho de no hacerlo me parece no tiene que hacerse cargo de todos los gastos, como en el Encuentro de Mostos que se cobra entrada y el municipio les da vallas, que pens\u00e9 ya eran propias y veo que no, ba\u00f1os qu\u00edmicos, donde lo de las vayas lo entiendo porque puede ser por seguridad, lo de los ba\u00f1os tambi\u00e9n por cuidado del parque, pero, pagarles el sonido y la musicalizaci\u00f3n no me parece correcto, he visto boletas muy abultadas, como las vallas. Entonces seamos claro, lo organiza o no el municipio porque el dinero lo pone. Son gastos, a mi criterio, que deber\u00edan tener m\u00e1s cuidado. No digo que est\u00e9n mal ni haya nada extra\u00f1o, sino, que hay una visi\u00f3n pol\u00edtica a la que posee el ejecutivo. Hay algunos programas sociales que recib\u00ed hoy y estoy en plena etapa de an\u00e1lisis.\u201d<\/p>\n<p>Respecto a la cuesti\u00f3n del voto fue clara y dividi\u00f3 la situaci\u00f3n, por un lado de la rendici\u00f3n del Departamento Ejecutivo y por el otro la del Concejo Deliberante: \u201cpens\u00e9 se iba a tratar en una extraordinaria m\u00e1s adelante, pero, el oficialismo lo quiere este lunes. Ya lo trato y tiene despacho. En la cuesti\u00f3n de la rendici\u00f3n hay que tener en claro que pod\u00e9s aprobarla o desaproblarla, no abstenerte. Yo no aprobar\u00e9 ni la parte del Ejecutivo ni las del Deliberativo porque hay un tema con mi dieta que podr\u00eda ser una deuda hacia mi o de m\u00ed al Cuerpo. Calculo no se resolver\u00e1 este tema y tendr\u00e1 que ir a la justicia que diga qui\u00e9n tiene la raz\u00f3n. No lo voto el del Deliberativo porque soy una parte involucrada. No tengo objeciones en el Concejo Deliberante, se gasta muy poco. A mi se me pagan dos tercios y entiendo se me debe pagar todo, de ah\u00ed la deuda que aparentemente tengo con el Concejo. Hay sobre ello un expediente administrativo que pedir\u00e9 pronto despacho e imagino terminar\u00e1 en el contencioso administrativo para que el Juez determine qui\u00e9n de los dos tiene la raz\u00f3n, si el tribunal de cuentas o yo y como hay dinero, una deuda que se dice de 64 mil pesos no puedo aprobarlo, no corresponde, pero nada que ver con c\u00f3mo se manejan las cosas que est\u00e1 bien en el Concejo\u201d<\/p>\n","protected":false},"excerpt":{"rendered":"<p>La concejal In\u00e9s Ghione no aprobar\u00e1 la rendici\u00f3n de cuentas 2012 en los \u00e1mbitos ejecutivos ni deliberativos. Sostiene que no &#8230; <a title=\"In\u00e9s Ghione: \u201cno cuestiono los procedimientos, sino en qu\u00e9 se gast\u00f3\u201d\" class=\"read-more\" href=\"https:\/\/www.hoymercedes.com.ar\/principal\/2013\/05\/27\/ines-ghione-no-cuestiono-los-procedimientos-sino-en-que-se-gasto\/\" aria-label=\"Leer m\u00e1s sobre In\u00e9s Ghione: \u201cno cuestiono los procedimientos, sino en qu\u00e9 se gast\u00f3\u201d\">Leer m\u00e1s<\/a><\/p>\n","protected":false},"author":1,"featured_media":0,"comment_status":"open","ping_status":"open","sticky":false,"template":"","format":"standard","meta":{"_monsterinsights_skip_tracking":false,"_monsterinsights_sitenote_active":false,"_monsterinsights_sitenote_note":"","_monsterinsights_sitenote_category":0,"jetpack_post_was_ever_published":false,"_jetpack_newsletter_access":"","_jetpack_dont_email_post_to_subs":false,"_jetpack_newsletter_tier_id":0,"_jetpack_memberships_contains_paywalled_content":false,"_jetpack_memberships_contains_paid_content":false,"footnotes":"","jetpack_publicize_message":"","jetpack_publicize_feature_enabled":true,"jetpack_social_post_already_shared":true,"jetpack_social_options":{"image_generator_settings":{"template":"highway","default_image_id":0,"font":"","enabled":false},"version":2},"_wpas_customize_per_network":false},"categories":[5],"tags":[1114],"class_list":["post-22544","post","type-post","status-publish","format-standard","hentry","category-politica","tag-ines-ghione","generate-columns","tablet-grid-50","mobile-grid-100","grid-parent","grid-50"],"jetpack_publicize_connections":[],"jetpack_featured_media_url":"","wps_subtitle":"","jetpack_sharing_enabled":true,"_links":{"self":[{"href":"https:\/\/www.hoymercedes.com.ar\/principal\/wp-json\/wp\/v2\/posts\/22544","targetHints":{"allow":["GET"]}}],"collection":[{"href":"https:\/\/www.hoymercedes.com.ar\/principal\/wp-json\/wp\/v2\/posts"}],"about":[{"href":"https:\/\/www.hoymercedes.com.ar\/principal\/wp-json\/wp\/v2\/types\/post"}],"author":[{"embeddable":true,"href":"https:\/\/www.hoymercedes.com.ar\/principal\/wp-json\/wp\/v2\/users\/1"}],"replies":[{"embeddable":true,"href":"https:\/\/www.hoymercedes.com.ar\/principal\/wp-json\/wp\/v2\/comments?post=22544"}],"version-history":[{"count":0,"href":"https:\/\/www.hoymercedes.com.ar\/principal\/wp-json\/wp\/v2\/posts\/22544\/revisions"}],"wp:attachment":[{"href":"https:\/\/www.hoymercedes.com.ar\/principal\/wp-json\/wp\/v2\/media?parent=22544"}],"wp:term":[{"taxonomy":"category","embeddable":true,"href":"https:\/\/www.hoymercedes.com.ar\/principal\/wp-json\/wp\/v2\/categories?post=22544"},{"taxonomy":"post_tag","embeddable":true,"href":"https:\/\/www.hoymercedes.com.ar\/principal\/wp-json\/wp\/v2\/tags?post=22544"}],"curies":[{"name":"wp","href":"https:\/\/api.w.org\/{rel}","templated":true}]}}