{"id":22570,"date":"2013-05-28T15:23:04","date_gmt":"2013-05-28T15:23:04","guid":{"rendered":"http:\/\/www.hoymercedes.com.ar\/principal\/?p=22570"},"modified":"2013-05-28T15:23:04","modified_gmt":"2013-05-28T15:23:04","slug":"h-c-d-aprobaron-las-cuentas-municipales-del-2012","status":"publish","type":"post","link":"https:\/\/www.hoymercedes.com.ar\/principal\/2013\/05\/28\/h-c-d-aprobaron-las-cuentas-municipales-del-2012\/","title":{"rendered":"H.C.D: aprobaron las cuentas municipales del 2012"},"content":{"rendered":"<p><em><strong>En una larga sesi\u00f3n el Concejo Deliberante aprob\u00f3 este lunes la Rendici\u00f3n de Cuentas 2012 que present\u00f3 el oficialismo para que sea tratada, incluso, cuando algunos ediles especulaban ser\u00eda m\u00e1s adelante y en una sesi\u00f3n extraordinaria. De esta manera el Departamento Ejecutivo cierra un aspecto administrativo y pol\u00edtico m\u00e1s que importante para \u00e9l.<\/strong><\/em><\/p>\n<p>La sesi\u00f3n se preve\u00eda ser\u00eda debatida y as\u00ed fue. Estuvieron sesionando hasta pasada la medianoche. La votaci\u00f3n permiti\u00f3 que el intendente Selva sume tranquilidad con la aprobaci\u00f3n de los gastos realizados durante todo el 2012. Algunos ediles, como In\u00e9s Ghione, ya hab\u00edan anunciado no acompa\u00f1ar\u00edan pues no objetaban el ordenamiento de las cuentas, sino en qu\u00e9 se gast\u00f3.<\/p>\n<p>La aprobaci\u00f3n Selva la logra con el apoyo de Uni\u00f3n Pro. En contra votaron: MIC, GEN, Frente Mercedino para la Victoria y \u00a0Fito Principi.<\/p>\n<p>&nbsp;<\/p>\n","protected":false},"excerpt":{"rendered":"<p>En una larga sesi\u00f3n el Concejo Deliberante aprob\u00f3 este lunes la Rendici\u00f3n de Cuentas 2012 que present\u00f3 el oficialismo para &#8230; <a title=\"H.C.D: aprobaron las cuentas municipales del 2012\" class=\"read-more\" href=\"https:\/\/www.hoymercedes.com.ar\/principal\/2013\/05\/28\/h-c-d-aprobaron-las-cuentas-municipales-del-2012\/\" aria-label=\"Leer m\u00e1s sobre H.C.D: aprobaron las cuentas municipales del 2012\">Leer m\u00e1s<\/a><\/p>\n","protected":false},"author":1,"featured_media":0,"comment_status":"open","ping_status":"open","sticky":false,"template":"","format":"standard","meta":{"_monsterinsights_skip_tracking":false,"_monsterinsights_sitenote_active":false,"_monsterinsights_sitenote_note":"","_monsterinsights_sitenote_category":0,"jetpack_post_was_ever_published":false,"_jetpack_newsletter_access":"","_jetpack_dont_email_post_to_subs":false,"_jetpack_newsletter_tier_id":0,"_jetpack_memberships_contains_paywalled_content":false,"_jetpack_memberships_contains_paid_content":false,"footnotes":"","jetpack_publicize_message":"","jetpack_publicize_feature_enabled":true,"jetpack_social_post_already_shared":true,"jetpack_social_options":{"image_generator_settings":{"template":"highway","default_image_id":0,"font":"","enabled":false},"version":2},"_wpas_customize_per_network":false},"categories":[5],"tags":[236],"class_list":["post-22570","post","type-post","status-publish","format-standard","hentry","category-politica","tag-concejo-deliberante","generate-columns","tablet-grid-50","mobile-grid-100","grid-parent","grid-50"],"jetpack_publicize_connections":[],"jetpack_featured_media_url":"","wps_subtitle":"","jetpack_sharing_enabled":true,"_links":{"self":[{"href":"https:\/\/www.hoymercedes.com.ar\/principal\/wp-json\/wp\/v2\/posts\/22570","targetHints":{"allow":["GET"]}}],"collection":[{"href":"https:\/\/www.hoymercedes.com.ar\/principal\/wp-json\/wp\/v2\/posts"}],"about":[{"href":"https:\/\/www.hoymercedes.com.ar\/principal\/wp-json\/wp\/v2\/types\/post"}],"author":[{"embeddable":true,"href":"https:\/\/www.hoymercedes.com.ar\/principal\/wp-json\/wp\/v2\/users\/1"}],"replies":[{"embeddable":true,"href":"https:\/\/www.hoymercedes.com.ar\/principal\/wp-json\/wp\/v2\/comments?post=22570"}],"version-history":[{"count":0,"href":"https:\/\/www.hoymercedes.com.ar\/principal\/wp-json\/wp\/v2\/posts\/22570\/revisions"}],"wp:attachment":[{"href":"https:\/\/www.hoymercedes.com.ar\/principal\/wp-json\/wp\/v2\/media?parent=22570"}],"wp:term":[{"taxonomy":"category","embeddable":true,"href":"https:\/\/www.hoymercedes.com.ar\/principal\/wp-json\/wp\/v2\/categories?post=22570"},{"taxonomy":"post_tag","embeddable":true,"href":"https:\/\/www.hoymercedes.com.ar\/principal\/wp-json\/wp\/v2\/tags?post=22570"}],"curies":[{"name":"wp","href":"https:\/\/api.w.org\/{rel}","templated":true}]}}