{"id":22585,"date":"2013-05-29T11:41:17","date_gmt":"2013-05-29T11:41:17","guid":{"rendered":"http:\/\/www.hoymercedes.com.ar\/principal\/?p=22585"},"modified":"2013-05-29T11:41:17","modified_gmt":"2013-05-29T11:41:17","slug":"frente-mercedino-invita-a-charla-sobre-seguridad-informatica","status":"publish","type":"post","link":"https:\/\/www.hoymercedes.com.ar\/principal\/2013\/05\/29\/frente-mercedino-invita-a-charla-sobre-seguridad-informatica\/","title":{"rendered":"Frente Mercedino invita a charla sobre seguridad inform\u00e1tica"},"content":{"rendered":"<p><em><strong>El Frente Mercedino para la Victoria invita a una charla este jueves a las 18.30hs, en el sal\u00f3n de los Bomberos Voluntarios &#8211; Indira con el objetivo de informar a la poblaci\u00f3n sobre los da\u00f1os del Ciber Bullyng en la juventud y la seguridad inform\u00e1tica.\u00a0<\/strong><\/em><\/p>\n<p>Desde el Frente Mercedino informan: \u00abEl principal referente del Frente Mercedino para la Victoria y gerente regional de la ANSES, doctor Juan Ignacio Ustarroz, organiza una charla abierta -orientada a padres, docentes y alumnos de todas las escuelas p\u00fablicas y privadas de la ciudad-, con especialistas que trabajan sobre la grave problem\u00e1tica del acoso a los chicos en internet.<\/p>\n<p>La cita ser\u00e1 este jueves 30 de mayo, a partir de las 18.30, en el sal\u00f3n Indira de los Bomberos Voluntarios (calle 22 entre 15 y 17, primer piso); el objetivo final: incluir a la ciudad en el programa Argentina ciber-segura (una organizaci\u00f3n sin fines de lucro) que se lleva adelante con el impulso de la empresa de inform\u00e1tica ESET, cuyo gerente general para Latinoam\u00e9rica es otro mercedino, Jer\u00f3nimo Varela.<\/p>\n<p>\u201cTodos sabemos la herramienta que configura internet en el mundo, los beneficios que trae, la fuente de conocimientos que representa. Pero tambi\u00e9n sabemos que tiene un lado oscuro y problem\u00e1tico y para el que necesitamos cada vez mayores y mejores instrumentos para combatirlo. El tema de los materiales a los que acceden nuestros hijos es una preocupaci\u00f3n en cada casa, y por eso invitamos a padres, maestros, profesores y chicos a la charla, para conocer mejor con qu\u00e9 contamos\u201d, adelant\u00f3 \u2018Juani\u2019 Ustarroz.<\/p>\n<p>ESET, empresa creadora de entre otras cosas el famoso antivirus NOD32, desarroll\u00f3 en Estados Unidos el programa Securing Our-City y viene sosteniendo aqu\u00ed el proyecto Argentina ciber-segura, para el que impulsa la aprobaci\u00f3n de la Ley de \u2018Grooming\u2018 (acciones deliberadamente emprendidas por un adulto con el objetivo de ganarse la amistad de un menor de edad, al crearse una conexi\u00f3n emocional con el mismo, con el fin de disminuir las inhibiciones del ni\u00f1o y poder abusar sexualmente de \u00e9l).<\/p>\n<p>\u201cEl debate pasa por dos cuestiones. Primero, la concientizaci\u00f3n tanto de chicos como de adultos. Despu\u00e9s, el desarrollo de herramientas para combatir el problema. Lo que queremos es convertir a Mercedes en una ciudad ciber-segura\u201d, agreg\u00f3 Ustarroz.<\/p>\n<p>La idea de \u2018Juani\u2019 es canalizar el proyecto a trav\u00e9s de la ANSES, aprovechando los recursos y los conocimientos adquiridos para el programa Conectar Igualdad, que incluye la entrega de netbooks para alumnos de las escuelas p\u00fablicas de toda la Argentina.<\/p>\n<p>Varela, a su turno, resalt\u00f3 el trabajo de la multinacional que representa y que cuenta con un laboratorio de especialistas para afrontar las distintas problem\u00e1ticas que aparecen cada vez con mayor frecuencia en la red, no solo en t\u00e9rminos inform\u00e1ticos.<\/p>\n<p>ESET fue fundada en 1992, tiene sus oficinas centrales en Bratislava (Eslovaquia) y representaci\u00f3n permanente en San Diego (Estados Unidos), Buenos Aires y Singapur, adem\u00e1s de contar con sedes en Inglaterra, Rep\u00fablica Checa, Brasil, Polonia y M\u00e9xico. Actualmente lleva adelante la campa\u00f1a para que el Congreso Nacional apruebe la Ley de Grooming, para lo que junta firmas en su p\u00e1gina en internet: argentinacibersegura.org.<\/p>\n<p>\u201cHay que profundizar en el conocimiento para prevenir todos los delitos inform\u00e1ticos y sobre todo este crimen puntual que ocurre con los chicos\u201d, concluy\u00f3 Ustarroz.\u00bb<\/p>\n","protected":false},"excerpt":{"rendered":"<p>El Frente Mercedino para la Victoria invita a una charla este jueves a las 18.30hs, en el sal\u00f3n de los &#8230; <a title=\"Frente Mercedino invita a charla sobre seguridad inform\u00e1tica\" class=\"read-more\" href=\"https:\/\/www.hoymercedes.com.ar\/principal\/2013\/05\/29\/frente-mercedino-invita-a-charla-sobre-seguridad-informatica\/\" aria-label=\"Leer m\u00e1s sobre Frente Mercedino invita a charla sobre seguridad inform\u00e1tica\">Leer m\u00e1s<\/a><\/p>\n","protected":false},"author":1,"featured_media":0,"comment_status":"open","ping_status":"open","sticky":false,"template":"","format":"standard","meta":{"_monsterinsights_skip_tracking":false,"_monsterinsights_sitenote_active":false,"_monsterinsights_sitenote_note":"","_monsterinsights_sitenote_category":0,"jetpack_post_was_ever_published":false,"_jetpack_newsletter_access":"","_jetpack_dont_email_post_to_subs":false,"_jetpack_newsletter_tier_id":0,"_jetpack_memberships_contains_paywalled_content":false,"_jetpack_memberships_contains_paid_content":false,"footnotes":"","jetpack_publicize_message":"","jetpack_publicize_feature_enabled":true,"jetpack_social_post_already_shared":true,"jetpack_social_options":{"image_generator_settings":{"template":"highway","default_image_id":0,"font":"","enabled":false},"version":2},"_wpas_customize_per_network":false},"categories":[5],"tags":[3500],"class_list":["post-22585","post","type-post","status-publish","format-standard","hentry","category-politica","tag-frente-mercedino-para-la-vicrtoria","generate-columns","tablet-grid-50","mobile-grid-100","grid-parent","grid-50"],"jetpack_publicize_connections":[],"jetpack_featured_media_url":"","wps_subtitle":"","jetpack_sharing_enabled":true,"_links":{"self":[{"href":"https:\/\/www.hoymercedes.com.ar\/principal\/wp-json\/wp\/v2\/posts\/22585","targetHints":{"allow":["GET"]}}],"collection":[{"href":"https:\/\/www.hoymercedes.com.ar\/principal\/wp-json\/wp\/v2\/posts"}],"about":[{"href":"https:\/\/www.hoymercedes.com.ar\/principal\/wp-json\/wp\/v2\/types\/post"}],"author":[{"embeddable":true,"href":"https:\/\/www.hoymercedes.com.ar\/principal\/wp-json\/wp\/v2\/users\/1"}],"replies":[{"embeddable":true,"href":"https:\/\/www.hoymercedes.com.ar\/principal\/wp-json\/wp\/v2\/comments?post=22585"}],"version-history":[{"count":0,"href":"https:\/\/www.hoymercedes.com.ar\/principal\/wp-json\/wp\/v2\/posts\/22585\/revisions"}],"wp:attachment":[{"href":"https:\/\/www.hoymercedes.com.ar\/principal\/wp-json\/wp\/v2\/media?parent=22585"}],"wp:term":[{"taxonomy":"category","embeddable":true,"href":"https:\/\/www.hoymercedes.com.ar\/principal\/wp-json\/wp\/v2\/categories?post=22585"},{"taxonomy":"post_tag","embeddable":true,"href":"https:\/\/www.hoymercedes.com.ar\/principal\/wp-json\/wp\/v2\/tags?post=22585"}],"curies":[{"name":"wp","href":"https:\/\/api.w.org\/{rel}","templated":true}]}}