{"id":2260,"date":"2011-02-16T04:57:37","date_gmt":"2011-02-16T04:57:37","guid":{"rendered":"http:\/\/www.hoymercedes.com.ar\/principal\/?p=2260"},"modified":"2011-02-16T04:57:37","modified_gmt":"2011-02-16T04:57:37","slug":"el-municipio-firmo-convenio-con-la-empresa-de-gas-natural","status":"publish","type":"post","link":"https:\/\/www.hoymercedes.com.ar\/principal\/2011\/02\/16\/el-municipio-firmo-convenio-con-la-empresa-de-gas-natural\/","title":{"rendered":"El municipio firm\u00f3 convenio con la empresa de Gas Natural"},"content":{"rendered":"<p style=\"text-align: justify;\">El acto se llev\u00f3 a cabo en el Teatro Julio Cesar Gioscio con la presencia de\u00a0 representes de la empresa GAS BAN, funcionarios comunales, integrantes del Consorcio del SIP e invitados especiales<\/p>\n<p style=\"text-align: justify;\">En la sala de la plata baja del Teatro Julio Cesar Gioscio, el Intendente Municipal Carlos Selva firm\u00f3 ayer el convenio con Gas Natural BAN para dar comienzo a los trabajos que llevar\u00e1n dicho servicios hasta el Parque Industrial Planificado ubicado en la Ruta 41.<\/p>\n<p style=\"text-align: justify;\">El Gerente de Mercados de la empresa Gas Natural, Fab\u00edan Chamadoira sostuvo \u201ceste es uno de esos d\u00edas en os que uno se pone contento por el trabajo profesional que hace, yo hace un rato hablaba acerca de la gran importancia que tiene para nuestra empresa poder trabajar en forma mancomunada con todos los sectores de la comunidad donde obviamente el Municipio cobra un relevancia important\u00edsima para poder llevar a cabo este tipo de emprendimientos.<\/p>\n<p style=\"text-align: justify;\">Nuestra empresa para poder llegar con el gas hasta el Sector Industrial Planificado debi\u00f3\u00a0 efectuar una inversi\u00f3n cercana a los dos millones de pesos de los cuales tambi\u00e9n hubo un aporte del consorcio del Parque Industrial de aproximadamente Cuatrocientos Mil pesos, son inversiones que nosotros las consideramos importantes por sabemos que apuntan a un futuro que no solo tiene que ver con el negocio de la distribuci\u00f3n de gas sino tambi\u00e9n con el crecimiento de uno de los municipios en los que nosotros trabajamos.<\/p>\n<p style=\"text-align: justify;\">Mercedes e ha extendido mucho, y en funci\u00f3n de ello nosotros vamos extendiendo nuestro servicios, hoy hablamos de lo que fueron la obras para llegar al Acceso Sur, hoy estamos continuando con algo que Gowland que se comenz\u00f3 hace bastante tiempo pero por determinados motivos la obra se hab\u00eda paralizado y esto hace que al d\u00eda de hoy en Mercedes ya contemos con m\u00e1s de catorce mil quinientas familias que cuentan con el servicio de distribuci\u00f3n y este crecimiento\u00a0 responde a la expansi\u00f3n que est\u00e1 teniendo Mercedes, por eso siempre tratamos que nuestro trabajo pueda acompa\u00f1ar las necesidades de la poblaci\u00f3n\u201d.<\/p>\n<p style=\"text-align: justify;\">Por su parte el Director de Planeamiento Oscar Lopez manifest\u00f3 \u201choy hemos podido cristalizar algo por lo que est\u00e1bamos luchando desde hace bastante tiempo junto a los integrantes del Sector Planificado, la C\u00e1mara Econ\u00f3mica de Mercedes y otras entidades.<\/p>\n<p style=\"text-align: justify;\">Con este convenio no solo garantizamos el gas natural para nuestro Sector Industrial Planificado sino que tambi\u00e9n vamos a beneficiar a otros emprendimientos como son la planta de cereales ubicada frente a nuestro predio y a la\u00a0 planta de\u00a0 la empresa L\u00e1ctea La Seren\u00edsima y como figura en los planos que acabamos de mostrar est\u00e1n previstas dentro de la obra las extensiones correspondiente.<\/p>\n<p style=\"text-align: justify;\">Ahora nos resta obtener el permiso de Vialidad Provincial por la traza del tendido y adem\u00e1s se necesita la autorizaci\u00f3n para utilizar ls calles comunales aunque esto \u00faltimo en un tr\u00e1mite meramente formal, una vez que se tengan completas esas tramitaciones ya la empresa estar\u00e1 en condiciones de poder iniciar los trabajos\u201d.<\/p>\n<p style=\"text-align: justify;\">Por \u00faltimo el intendente Carlos Selva manifest\u00f3 \u201ccreo que esto nos exime de cualquier comentario debido a la gran motivaci\u00f3n que hay dentro del Sector Industrial y adem\u00e1s por lo que se est\u00e1 haciendo en Gowland que hemos podido acordar con la empresa.<\/p>\n<p style=\"text-align: justify;\">Ellos siempre se manejaron de manera muy org\u00e1nica con nuestro municipio y asi se pudieron plasmar diferentes inquietudes de nuestros vecinos porque en todo esto siempre tiene que ver la municipalidad por eso estamos muy contentos por haber firmado este convenio que nos permitir\u00e1 hacer mejores cosas en nuestro Sector Industrial\u201d.<\/p>\n","protected":false},"excerpt":{"rendered":"<p>El acto se llev\u00f3 a cabo en el Teatro Julio Cesar Gioscio con la presencia de\u00a0 representes de la empresa &#8230; <a title=\"El municipio firm\u00f3 convenio con la empresa de Gas Natural\" class=\"read-more\" href=\"https:\/\/www.hoymercedes.com.ar\/principal\/2011\/02\/16\/el-municipio-firmo-convenio-con-la-empresa-de-gas-natural\/\" aria-label=\"Leer m\u00e1s sobre El municipio firm\u00f3 convenio con la empresa de Gas Natural\">Leer m\u00e1s<\/a><\/p>\n","protected":false},"author":1,"featured_media":0,"comment_status":"open","ping_status":"open","sticky":false,"template":"","format":"standard","meta":{"_monsterinsights_skip_tracking":false,"_monsterinsights_sitenote_active":false,"_monsterinsights_sitenote_note":"","_monsterinsights_sitenote_category":0,"jetpack_post_was_ever_published":false,"_jetpack_newsletter_access":"","_jetpack_dont_email_post_to_subs":false,"_jetpack_newsletter_tier_id":0,"_jetpack_memberships_contains_paywalled_content":false,"_jetpack_memberships_contains_paid_content":false,"footnotes":"","jetpack_publicize_message":"","jetpack_publicize_feature_enabled":true,"jetpack_social_post_already_shared":false,"jetpack_social_options":{"image_generator_settings":{"template":"highway","default_image_id":0,"font":"","enabled":false},"version":2},"_wpas_customize_per_network":false},"categories":[30],"tags":[197],"class_list":["post-2260","post","type-post","status-publish","format-standard","hentry","category-municipio","tag-municipalidad-de-mercedes","generate-columns","tablet-grid-50","mobile-grid-100","grid-parent","grid-50"],"jetpack_publicize_connections":[],"jetpack_featured_media_url":"","wps_subtitle":"","jetpack_sharing_enabled":true,"_links":{"self":[{"href":"https:\/\/www.hoymercedes.com.ar\/principal\/wp-json\/wp\/v2\/posts\/2260","targetHints":{"allow":["GET"]}}],"collection":[{"href":"https:\/\/www.hoymercedes.com.ar\/principal\/wp-json\/wp\/v2\/posts"}],"about":[{"href":"https:\/\/www.hoymercedes.com.ar\/principal\/wp-json\/wp\/v2\/types\/post"}],"author":[{"embeddable":true,"href":"https:\/\/www.hoymercedes.com.ar\/principal\/wp-json\/wp\/v2\/users\/1"}],"replies":[{"embeddable":true,"href":"https:\/\/www.hoymercedes.com.ar\/principal\/wp-json\/wp\/v2\/comments?post=2260"}],"version-history":[{"count":0,"href":"https:\/\/www.hoymercedes.com.ar\/principal\/wp-json\/wp\/v2\/posts\/2260\/revisions"}],"wp:attachment":[{"href":"https:\/\/www.hoymercedes.com.ar\/principal\/wp-json\/wp\/v2\/media?parent=2260"}],"wp:term":[{"taxonomy":"category","embeddable":true,"href":"https:\/\/www.hoymercedes.com.ar\/principal\/wp-json\/wp\/v2\/categories?post=2260"},{"taxonomy":"post_tag","embeddable":true,"href":"https:\/\/www.hoymercedes.com.ar\/principal\/wp-json\/wp\/v2\/tags?post=2260"}],"curies":[{"name":"wp","href":"https:\/\/api.w.org\/{rel}","templated":true}]}}