{"id":22652,"date":"2013-05-31T22:01:56","date_gmt":"2013-05-31T22:01:56","guid":{"rendered":"http:\/\/www.hoymercedes.com.ar\/principal\/?p=22652"},"modified":"2013-05-31T22:04:01","modified_gmt":"2013-05-31T22:04:01","slug":"vecino-hallado-sin-vida-llevo-a-tareas-de-la-policia-cientifica","status":"publish","type":"post","link":"https:\/\/www.hoymercedes.com.ar\/principal\/2013\/05\/31\/vecino-hallado-sin-vida-llevo-a-tareas-de-la-policia-cientifica\/","title":{"rendered":"Vecino hallado sin vida llev\u00f3 a tareas de la Polic\u00eda Cient\u00edfica"},"content":{"rendered":"<figure id=\"attachment_22656\" aria-describedby=\"caption-attachment-22656\" style=\"width: 610px\" class=\"wp-caption aligncenter\"><a href=\"https:\/\/www.hoymercedes.com.ar\/principal\/wp-content\/uploads\/2013\/05\/PoliciaCientifica1.jpg\"><img loading=\"lazy\" decoding=\"async\" data-attachment-id=\"22656\" data-permalink=\"https:\/\/www.hoymercedes.com.ar\/principal\/2013\/05\/31\/vecino-hallado-sin-vida-llevo-a-tareas-de-la-policia-cientifica\/policiacientifica-2\/#main\" data-orig-file=\"https:\/\/www.hoymercedes.com.ar\/principal\/wp-content\/uploads\/2013\/05\/PoliciaCientifica1.jpg\" data-orig-size=\"620,284\" data-comments-opened=\"1\" data-image-meta=\"{&quot;aperture&quot;:&quot;0&quot;,&quot;credit&quot;:&quot;&quot;,&quot;camera&quot;:&quot;&quot;,&quot;caption&quot;:&quot;&quot;,&quot;created_timestamp&quot;:&quot;0&quot;,&quot;copyright&quot;:&quot;&quot;,&quot;focal_length&quot;:&quot;0&quot;,&quot;iso&quot;:&quot;0&quot;,&quot;shutter_speed&quot;:&quot;0&quot;,&quot;title&quot;:&quot;&quot;}\" data-image-title=\"PoliciaCientifica\" data-image-description=\"\" data-image-caption=\"&lt;p&gt;Polic\u00eda Cient\u00edfica en plena tarea&lt;\/p&gt;\n\" data-large-file=\"https:\/\/www.hoymercedes.com.ar\/principal\/wp-content\/uploads\/2013\/05\/PoliciaCientifica1.jpg\" class=\"size-full wp-image-22656\" alt=\"Polic\u00eda Cient\u00edfica en plena tarea\" src=\"https:\/\/www.hoymercedes.com.ar\/principal\/wp-content\/uploads\/2013\/05\/PoliciaCientifica1.jpg\" width=\"620\" height=\"284\" \/><\/a><figcaption id=\"caption-attachment-22656\" class=\"wp-caption-text\">Polic\u00eda Cient\u00edfica en plena tarea &#8211; Foto: MM<\/figcaption><\/figure>\n<p><em><strong>Los vecinos se encontraron con un movimiento de efectivos policiales, bomberos y hombres de la salud como no imaginaban al mediod\u00eda del viernes. Resulta ser que un hombre estaba sin vida y el olor despert\u00f3 la atenci\u00f3n de los vecinos que se comunicaron con las fuerzas policiales que llev\u00f3 al despliegue vivido.<\/strong><\/em><\/p>\n<p>Ante las circunstancias, poco habituales, llev\u00f3 a que la Polic\u00eda Cient\u00edfica trabajara en el lugar.<\/p>\n<p>Desde las fuerzas policiales informaron: <em>\u201cun vecino de calle 9 entre 28 y 30, llamado Norberto Jos\u00e9 Pizzio de 69 a\u00f1os fue encontrado en la tarde del viernes 31 de mayo sin vida en el interior de su casa. Todo esto comenz\u00f3 cuando un vecino de la zona, al pasar por la puerta de la vivienda not\u00f3 un fuerte olor nauseabundo, por lo que de inmediato dio aviso al tel\u00e9fono de emergencias 911, y as\u00ed se hizo presente un patrullero de la Comisaria local, que, si bien no pudo entrar a la casa, s\u00ed lograron dar con una de las hijas de quien viv\u00eda all\u00ed, la que se hizo presente, encontr\u00e1ndose con la sorpresa que ese se\u00f1or estaba sin vida. Si bien se desconocen detalles del hecho (lugar donde se encontraba, si el mismo cursaba alguna enfermedad terminal y todo otro dato que fuera \u00fatil para dilucidar las causales de la muerte) extraoficialmente se supo que el fallecimiento datar\u00eda de aproximadamente 6 o 7 d\u00edas a la fecha. Por esto se inici\u00f3 una investigaci\u00f3n judicial para determinar las causales de su muerte\u201d<\/em><\/p>\n<p>De esta manera, la situaci\u00f3n, que genera un natural dolor en sus amigos, familiares y vecinos, continuar\u00e1 en materia de investigaci\u00f3n cient\u00edfica.<\/p>\n<p>&nbsp;<\/p>\n<p>&nbsp;<\/p>\n","protected":false},"excerpt":{"rendered":"<p>Los vecinos se encontraron con un movimiento de efectivos policiales, bomberos y hombres de la salud como no imaginaban al &#8230; <a title=\"Vecino hallado sin vida llev\u00f3 a tareas de la Polic\u00eda Cient\u00edfica\" class=\"read-more\" href=\"https:\/\/www.hoymercedes.com.ar\/principal\/2013\/05\/31\/vecino-hallado-sin-vida-llevo-a-tareas-de-la-policia-cientifica\/\" aria-label=\"Leer m\u00e1s sobre Vecino hallado sin vida llev\u00f3 a tareas de la Polic\u00eda Cient\u00edfica\">Leer m\u00e1s<\/a><\/p>\n","protected":false},"author":1,"featured_media":0,"comment_status":"open","ping_status":"open","sticky":false,"template":"","format":"standard","meta":{"_monsterinsights_skip_tracking":false,"_monsterinsights_sitenote_active":false,"_monsterinsights_sitenote_note":"","_monsterinsights_sitenote_category":0,"jetpack_post_was_ever_published":false,"_jetpack_newsletter_access":"","_jetpack_dont_email_post_to_subs":false,"_jetpack_newsletter_tier_id":0,"_jetpack_memberships_contains_paywalled_content":false,"_jetpack_memberships_contains_paid_content":false,"footnotes":"","jetpack_publicize_message":"","jetpack_publicize_feature_enabled":true,"jetpack_social_post_already_shared":true,"jetpack_social_options":{"image_generator_settings":{"template":"highway","default_image_id":0,"font":"","enabled":false},"version":2},"_wpas_customize_per_network":false},"categories":[85],"tags":[126,3510],"class_list":["post-22652","post","type-post","status-publish","format-standard","hentry","category-policial","tag-policia-mercedes","tag-vecino-hallado-sin-vida","generate-columns","tablet-grid-50","mobile-grid-100","grid-parent","grid-50"],"jetpack_publicize_connections":[],"jetpack_featured_media_url":"","wps_subtitle":"","jetpack_sharing_enabled":true,"_links":{"self":[{"href":"https:\/\/www.hoymercedes.com.ar\/principal\/wp-json\/wp\/v2\/posts\/22652","targetHints":{"allow":["GET"]}}],"collection":[{"href":"https:\/\/www.hoymercedes.com.ar\/principal\/wp-json\/wp\/v2\/posts"}],"about":[{"href":"https:\/\/www.hoymercedes.com.ar\/principal\/wp-json\/wp\/v2\/types\/post"}],"author":[{"embeddable":true,"href":"https:\/\/www.hoymercedes.com.ar\/principal\/wp-json\/wp\/v2\/users\/1"}],"replies":[{"embeddable":true,"href":"https:\/\/www.hoymercedes.com.ar\/principal\/wp-json\/wp\/v2\/comments?post=22652"}],"version-history":[{"count":0,"href":"https:\/\/www.hoymercedes.com.ar\/principal\/wp-json\/wp\/v2\/posts\/22652\/revisions"}],"wp:attachment":[{"href":"https:\/\/www.hoymercedes.com.ar\/principal\/wp-json\/wp\/v2\/media?parent=22652"}],"wp:term":[{"taxonomy":"category","embeddable":true,"href":"https:\/\/www.hoymercedes.com.ar\/principal\/wp-json\/wp\/v2\/categories?post=22652"},{"taxonomy":"post_tag","embeddable":true,"href":"https:\/\/www.hoymercedes.com.ar\/principal\/wp-json\/wp\/v2\/tags?post=22652"}],"curies":[{"name":"wp","href":"https:\/\/api.w.org\/{rel}","templated":true}]}}