{"id":22669,"date":"2013-06-03T11:36:47","date_gmt":"2013-06-03T11:36:47","guid":{"rendered":"http:\/\/www.hoymercedes.com.ar\/principal\/?p=22669"},"modified":"2013-06-03T11:36:47","modified_gmt":"2013-06-03T11:36:47","slug":"policiales-pelea-sobre-el-57-y-joven-peligroso-detenido","status":"publish","type":"post","link":"https:\/\/www.hoymercedes.com.ar\/principal\/2013\/06\/03\/policiales-pelea-sobre-el-57-y-joven-peligroso-detenido\/","title":{"rendered":"Policiales: pelea sobre el 57 y joven peligroso detenido"},"content":{"rendered":"<p><em><strong>Durante las \u00faltimas jornadas se llevaron a cabo diversas acciones policiales, hubo detenciones de ciclistas que andaban en motos robadas, tambi\u00e9n accidentes de tr\u00e1nsito, y, dos hechos con particularidades como la detenci\u00f3n de un menor que ven\u00eda golpeando con sus acciones al Barrio Trocha y una discusi\u00f3n, fuerte, sobre el colectivo 57 que termin\u00f3 con la intervenci\u00f3n de la polic\u00eda.\u00a0<\/strong><\/em><\/p>\n<p><strong>Joven peligroso detenido<\/strong><\/p>\n<p>Las sospechas de que era un menor el que hab\u00eda generado una importante cantidad de problemas en el barrio Trocha, fundamentalmente, se confirmaron tras la acci\u00f3n de la polic\u00eda y la justicia en la detenci\u00f3n de un menor El caso fue llevado adelante por el Juez de menores Giacoia del Departamento Judicial Mercedes.<\/p>\n<p>En \u00e9ste \u00faltimo tiempo el jovencito en cuesti\u00f3n (del que no se pueden brindar datos personales por cuestiones que son de p\u00fablico conocimiento) protagoniz\u00f3 en forma directa distintos hechos tales como rotura de auto, rotura de puertas de viviendas, portaci\u00f3n de arma, robo de bicicleta, y por esto los vecinos estaban aterrorizados a tal punto que no quer\u00edan declarar en las distintas causas judiciales que se iniciaban en su contra por temor a la venganza que este pudiera tomar contra ellos. Si bien el mismo fue internado en una comunidad terap\u00e9utica de la ciudad de Buenos Aires, no se descarta que sea internado en un instituto donde se alojan j\u00f3venes delincuentes de alta peligrosidad, ya que se espera la decisi\u00f3n judicial en un hecho de robo a mano armada a un remisero de esta ciudad.<\/p>\n<p><strong>Problemas en el micro<\/strong><\/p>\n<p>Ha unos d\u00edas atr\u00e1s, cuando el chofer de un micro de esa l\u00ednea estaba ingresando a esta ciudad con pasajeros, por causas que se desconocen, tres j\u00f3venes comenzaron a insultarlo, queriendo golpearlo, pudiendo este hacer que bajen del colectivo, y justo en ese momento pasaba por el lugar un patrullero de la Comisaria local, al que llam\u00f3 se gener\u00f3 la intervenci\u00f3n de los uniformados quienes \u00a0asistieron al chofer quien le cont\u00f3 lo ocurrido. Los policias trataron calmar a los agresores, pero, no lo lograron dado que se pusieron m\u00e1s hostiles, arrojando tambi\u00e9n piedras hacia el micro, por lo que fueron detenido. Dos eran menores de edad \u00a0el tercero de apellido VOlpe, de 22 a\u00f1os. Todos quedaron a disposici\u00f3n de la UFI de menores<\/p>\n","protected":false},"excerpt":{"rendered":"<p>Durante las \u00faltimas jornadas se llevaron a cabo diversas acciones policiales, hubo detenciones de ciclistas que andaban en motos robadas, &#8230; <a title=\"Policiales: pelea sobre el 57 y joven peligroso detenido\" class=\"read-more\" href=\"https:\/\/www.hoymercedes.com.ar\/principal\/2013\/06\/03\/policiales-pelea-sobre-el-57-y-joven-peligroso-detenido\/\" aria-label=\"Leer m\u00e1s sobre Policiales: pelea sobre el 57 y joven peligroso detenido\">Leer m\u00e1s<\/a><\/p>\n","protected":false},"author":1,"featured_media":0,"comment_status":"open","ping_status":"open","sticky":false,"template":"","format":"standard","meta":{"_monsterinsights_skip_tracking":false,"_monsterinsights_sitenote_active":false,"_monsterinsights_sitenote_note":"","_monsterinsights_sitenote_category":0,"jetpack_post_was_ever_published":false,"_jetpack_newsletter_access":"","_jetpack_dont_email_post_to_subs":false,"_jetpack_newsletter_tier_id":0,"_jetpack_memberships_contains_paywalled_content":false,"_jetpack_memberships_contains_paid_content":false,"footnotes":"","jetpack_publicize_message":"","jetpack_publicize_feature_enabled":true,"jetpack_social_post_already_shared":true,"jetpack_social_options":{"image_generator_settings":{"template":"highway","default_image_id":0,"font":"","enabled":false},"version":2},"_wpas_customize_per_network":false},"categories":[85],"tags":[3424],"class_list":["post-22669","post","type-post","status-publish","format-standard","hentry","category-policial","tag-policiales-mercedes","generate-columns","tablet-grid-50","mobile-grid-100","grid-parent","grid-50"],"jetpack_publicize_connections":[],"jetpack_featured_media_url":"","wps_subtitle":"","jetpack_sharing_enabled":true,"_links":{"self":[{"href":"https:\/\/www.hoymercedes.com.ar\/principal\/wp-json\/wp\/v2\/posts\/22669","targetHints":{"allow":["GET"]}}],"collection":[{"href":"https:\/\/www.hoymercedes.com.ar\/principal\/wp-json\/wp\/v2\/posts"}],"about":[{"href":"https:\/\/www.hoymercedes.com.ar\/principal\/wp-json\/wp\/v2\/types\/post"}],"author":[{"embeddable":true,"href":"https:\/\/www.hoymercedes.com.ar\/principal\/wp-json\/wp\/v2\/users\/1"}],"replies":[{"embeddable":true,"href":"https:\/\/www.hoymercedes.com.ar\/principal\/wp-json\/wp\/v2\/comments?post=22669"}],"version-history":[{"count":0,"href":"https:\/\/www.hoymercedes.com.ar\/principal\/wp-json\/wp\/v2\/posts\/22669\/revisions"}],"wp:attachment":[{"href":"https:\/\/www.hoymercedes.com.ar\/principal\/wp-json\/wp\/v2\/media?parent=22669"}],"wp:term":[{"taxonomy":"category","embeddable":true,"href":"https:\/\/www.hoymercedes.com.ar\/principal\/wp-json\/wp\/v2\/categories?post=22669"},{"taxonomy":"post_tag","embeddable":true,"href":"https:\/\/www.hoymercedes.com.ar\/principal\/wp-json\/wp\/v2\/tags?post=22669"}],"curies":[{"name":"wp","href":"https:\/\/api.w.org\/{rel}","templated":true}]}}