{"id":2268,"date":"2011-02-17T10:46:12","date_gmt":"2011-02-17T10:46:12","guid":{"rendered":"http:\/\/www.hoymercedes.com.ar\/principal\/?p=2268"},"modified":"2011-02-17T10:46:12","modified_gmt":"2011-02-17T10:46:12","slug":"benitez-la-situacion-creada-en-torno-a-las-cooperativas-de-trabajo-era-algo-que-tarde-o-temprano-se-iba-a-conocer","status":"publish","type":"post","link":"https:\/\/www.hoymercedes.com.ar\/principal\/2011\/02\/17\/benitez-la-situacion-creada-en-torno-a-las-cooperativas-de-trabajo-era-algo-que-tarde-o-temprano-se-iba-a-conocer\/","title":{"rendered":"Benitez: La situaci\u00f3n creada en torno a las cooperativas de trabajo era algo que tarde o temprano se iba a conocer"},"content":{"rendered":"<p>El concejal de Uni\u00f3n Pro record\u00f3 que hace varios meses hab\u00eda denunciado lo que estaba ocurriendo y sin embargo nadie hizo nada para corregir la situaci\u00f3n que ahora se presenta con mas fuerza ya que la denuncia es del propio equipo Ejecutivo municipal<\/p>\n<p>M\u00e1s all\u00e1 que los hechos puedan ser tomados como un enfrentamiento interno entre dos sectores del propio partido que gobierna en nuestra ciudad, la situaci\u00f3n creada la semana pasada tras la denuncia efectuada por el tema Cooperativas por Mat\u00edas Galiani y la posterior respuesta de Gustavo Torriglia el tema tiene, seg\u00fan Juan Carlos Benitez otras connotaciones mucho m\u00e1s importantes.<\/p>\n<p>El referente de Uni\u00f3n Pro sostuvo \u201cparticularmente he sido uno de los integrantes del concejo Deliberante que desde hace muchos meses he denunciado que en el sistema de trabajo cooperativo que se hab\u00eda implementado en nuestra ciudad se comet\u00edan hechos casi aberrantes, hechos de gente corrupta que aprovechaba la buena fe de\u00a0 las necesidades de determinados integrantes de las cooperativas, les sacan las tarjetas o les averiguaban los n\u00fameros claves entre otras cosas.<\/p>\n<p>Personalmente tuve la visita de muchos integrantes de las diferentes cooperativas que venian a denunciar lo que les ocurr\u00eda pero lamentablemente ninguno de ellos quer\u00eda dar sus datos personales para iniciar una acci\u00f3n espec\u00edfica por temor a represalias entonces mi tarea se ve\u00eda totalmente limitada, sin un testigo no tengo ning\u00fan caso, solo era mi palabra contra la de las personas que dirigen el plan de ayuda social.<\/p>\n<p>Tuve la paciencia de esperar porque sab\u00eda que en algun momento esto se iba a dar de manera natural y la semana pasada a trav\u00e9s de los diferentes medios las cosas se fueron conociendo con una situaci\u00f3n desagradable con respecto al manejo de los planes de trabajo en nuestra ciudad.<\/p>\n<p>De cualquier manera entiendo que es el sistema el que induce a la corrupci\u00f3n, en un primer momento este tipo de panes l\u00f3gicamente son buenos para aquellos que se encuentran sin trabajo pero con el correr del tiempo el mismo sistema hace que se vayan produciendo hechos como el que ahora se est\u00e1 discutiendo. Por eso vuelvo a reiterar que no se trata del nombre y apellido del o de las personas involucradas sino que el propio manejo de la cosa lo que hace que se puedan producir este tipo de anomal\u00edas que desde lo \u00e9tico merece el total repudio de la poblaci\u00f3n\u201d.<\/p>\n<p>Posteriormente el concejal opositor arremeti\u00f3 contra la figura del intendente municipal sosteniendo \u201ceste sistema que tiene tanta validez en Mercedes se debe a la falta de visi\u00f3n hacia el mediano y largo plazo del intendente para generar puestos de trabajo, hace tiempo ya que nuestro municipio deb\u00eda haber tenido un predio de cincuenta o sesenta hect\u00e1reas para instalar un Parque Industrial para permitir el acceso de empresas que justamente generen la ocupaci\u00f3n de mano de obra, esa falta de trabajo hace que la gente se vea en la necesidad de acogerse a estos sistemas de trabajo social.<\/p>\n<p>Sabemos que en Mercedes hay una cantidad muy importante de j\u00f3venes que egresan de la secundaria y no toso pueden llegar a la Universidad por lo tanto hay una importante cantidad que pretende ingresar al mercado laboral pero se encuentran que no tienen en la ciudad fuentes genuinas y terminan en los planes sociales y a la vista est\u00e1 que es lo que les espera en el futuro, y en esta situaci\u00f3n Mercedes no tienen la posibilidad de concretar un crecimiento con el trabajo de la iniciativa privada sea el motor que vaya impulsando dicho crecimiento, no se puede esperar que siempre sea el estado el que tenga que salir a cubrir necesidades de esta naturaleza.<\/p>\n<p>Pero atenci\u00f3n que no solo es corrupto el que le saca las tarjetas a los trabajadores de una cooperativa sino tambi\u00e9n el que los obliga a subir a un colectivo para ir a un acto politico en apoyo de determinado dirigente\u201d.<\/p>\n","protected":false},"excerpt":{"rendered":"<p>El concejal de Uni\u00f3n Pro record\u00f3 que hace varios meses hab\u00eda denunciado lo que estaba ocurriendo y sin embargo nadie &#8230; <a title=\"Benitez: La situaci\u00f3n creada en torno a las cooperativas de trabajo era algo que tarde o temprano se iba a conocer\" class=\"read-more\" href=\"https:\/\/www.hoymercedes.com.ar\/principal\/2011\/02\/17\/benitez-la-situacion-creada-en-torno-a-las-cooperativas-de-trabajo-era-algo-que-tarde-o-temprano-se-iba-a-conocer\/\" aria-label=\"Leer m\u00e1s sobre Benitez: La situaci\u00f3n creada en torno a las cooperativas de trabajo era algo que tarde o temprano se iba a conocer\">Leer m\u00e1s<\/a><\/p>\n","protected":false},"author":1,"featured_media":0,"comment_status":"open","ping_status":"open","sticky":false,"template":"","format":"standard","meta":{"_monsterinsights_skip_tracking":false,"_monsterinsights_sitenote_active":false,"_monsterinsights_sitenote_note":"","_monsterinsights_sitenote_category":0,"jetpack_post_was_ever_published":false,"_jetpack_newsletter_access":"","_jetpack_dont_email_post_to_subs":false,"_jetpack_newsletter_tier_id":0,"_jetpack_memberships_contains_paywalled_content":false,"_jetpack_memberships_contains_paid_content":false,"footnotes":"","jetpack_publicize_message":"","jetpack_publicize_feature_enabled":true,"jetpack_social_post_already_shared":false,"jetpack_social_options":{"image_generator_settings":{"template":"highway","default_image_id":0,"font":"","enabled":false},"version":2},"_wpas_customize_per_network":false},"categories":[5],"tags":[364],"class_list":["post-2268","post","type-post","status-publish","format-standard","hentry","category-politica","tag-union-pro","generate-columns","tablet-grid-50","mobile-grid-100","grid-parent","grid-50"],"jetpack_publicize_connections":[],"jetpack_featured_media_url":"","wps_subtitle":"","jetpack_sharing_enabled":true,"_links":{"self":[{"href":"https:\/\/www.hoymercedes.com.ar\/principal\/wp-json\/wp\/v2\/posts\/2268","targetHints":{"allow":["GET"]}}],"collection":[{"href":"https:\/\/www.hoymercedes.com.ar\/principal\/wp-json\/wp\/v2\/posts"}],"about":[{"href":"https:\/\/www.hoymercedes.com.ar\/principal\/wp-json\/wp\/v2\/types\/post"}],"author":[{"embeddable":true,"href":"https:\/\/www.hoymercedes.com.ar\/principal\/wp-json\/wp\/v2\/users\/1"}],"replies":[{"embeddable":true,"href":"https:\/\/www.hoymercedes.com.ar\/principal\/wp-json\/wp\/v2\/comments?post=2268"}],"version-history":[{"count":0,"href":"https:\/\/www.hoymercedes.com.ar\/principal\/wp-json\/wp\/v2\/posts\/2268\/revisions"}],"wp:attachment":[{"href":"https:\/\/www.hoymercedes.com.ar\/principal\/wp-json\/wp\/v2\/media?parent=2268"}],"wp:term":[{"taxonomy":"category","embeddable":true,"href":"https:\/\/www.hoymercedes.com.ar\/principal\/wp-json\/wp\/v2\/categories?post=2268"},{"taxonomy":"post_tag","embeddable":true,"href":"https:\/\/www.hoymercedes.com.ar\/principal\/wp-json\/wp\/v2\/tags?post=2268"}],"curies":[{"name":"wp","href":"https:\/\/api.w.org\/{rel}","templated":true}]}}