{"id":22703,"date":"2013-06-04T02:10:31","date_gmt":"2013-06-04T02:10:31","guid":{"rendered":"http:\/\/www.hoymercedes.com.ar\/principal\/?p=22703"},"modified":"2013-06-04T02:10:31","modified_gmt":"2013-06-04T02:10:31","slug":"crean-asociacion-por-por-un-voto-limpio-2013-ante-las-proximas-elecciones","status":"publish","type":"post","link":"https:\/\/www.hoymercedes.com.ar\/principal\/2013\/06\/04\/crean-asociacion-por-por-un-voto-limpio-2013-ante-las-proximas-elecciones\/","title":{"rendered":"Crean asociaci\u00f3n por \u00abPor un voto limpio 2013\u00bb ante las pr\u00f3ximas elecciones"},"content":{"rendered":"<figure id=\"attachment_22705\" aria-describedby=\"caption-attachment-22705\" style=\"width: 610px\" class=\"wp-caption aligncenter\"><a href=\"https:\/\/www.hoymercedes.com.ar\/principal\/wp-content\/uploads\/2013\/06\/votolimpio.jpg\"><img loading=\"lazy\" decoding=\"async\" data-attachment-id=\"22705\" data-permalink=\"https:\/\/www.hoymercedes.com.ar\/principal\/2013\/06\/04\/crean-asociacion-por-por-un-voto-limpio-2013-ante-las-proximas-elecciones\/votolimpio\/#main\" data-orig-file=\"https:\/\/www.hoymercedes.com.ar\/principal\/wp-content\/uploads\/2013\/06\/votolimpio.jpg\" data-orig-size=\"620,251\" data-comments-opened=\"1\" data-image-meta=\"{&quot;aperture&quot;:&quot;0&quot;,&quot;credit&quot;:&quot;&quot;,&quot;camera&quot;:&quot;&quot;,&quot;caption&quot;:&quot;&quot;,&quot;created_timestamp&quot;:&quot;0&quot;,&quot;copyright&quot;:&quot;&quot;,&quot;focal_length&quot;:&quot;0&quot;,&quot;iso&quot;:&quot;0&quot;,&quot;shutter_speed&quot;:&quot;0&quot;,&quot;title&quot;:&quot;&quot;}\" data-image-title=\"votolimpio\" data-image-description=\"\" data-image-caption=\"&lt;p&gt;Grupo de Facebook, por un \u00abvoto limpio\u00bb&lt;\/p&gt;\n\" data-large-file=\"https:\/\/www.hoymercedes.com.ar\/principal\/wp-content\/uploads\/2013\/06\/votolimpio.jpg\" class=\"size-full wp-image-22705\" alt=\"Grupo de Facebook, por un &quot;voto limpio&quot;\" src=\"https:\/\/www.hoymercedes.com.ar\/principal\/wp-content\/uploads\/2013\/06\/votolimpio.jpg\" width=\"620\" height=\"251\" \/><\/a><figcaption id=\"caption-attachment-22705\" class=\"wp-caption-text\">Grupo de Facebook, por un \u00abvoto limpio\u00bb<\/figcaption><\/figure>\n<p><em><strong>Desde este lunes los mercedinos se encontraron en las redes sociales con una nueva propuesta digital que era ser parte del grupo-asociaci\u00f3n \u00abPor un voto limpio\u00bb. Tambi\u00e9n se oy\u00f3 en una rodante por las calles mercedinas una invitaci\u00f3n a estar alerta y controlar los DNIs propiso y de seres cercanos.\u00a0<\/strong><\/em><\/p>\n<p>Desde el grupo sostienen: \u00abSomos de la asociaci\u00f3n <em>\u201cPor un voto limpio 2013\u201d y queremos que te preocupes por el futuro de la ciudad. Entra a www.padron.gob.ar y fijate que est\u00e9n tus datos en forma correcta porque hay tiempo hasta el 5 de junio para realizar reclamos. Hay muchas irregularidades denunciadas y est\u00e1 bueno que sepas si no fuiste victima vos tambi\u00e9n de algunas de ellas.\u00a0Vamos todos y todas \u201cPor un voto limpio 2013\u201d.<\/em><\/p>\n<p>&nbsp;<\/p>\n<p>De esta manera, la carrera pol\u00edtica, muestra otras cuestiones, a pocos d\u00edas de que el intendente Carlos Selva efectuara una denuncia respecto a los documentos de identidad ap\u00f3crifos.<\/p>\n","protected":false},"excerpt":{"rendered":"<p>Desde este lunes los mercedinos se encontraron en las redes sociales con una nueva propuesta digital que era ser parte &#8230; <a title=\"Crean asociaci\u00f3n por \u00abPor un voto limpio 2013\u00bb ante las pr\u00f3ximas elecciones\" class=\"read-more\" href=\"https:\/\/www.hoymercedes.com.ar\/principal\/2013\/06\/04\/crean-asociacion-por-por-un-voto-limpio-2013-ante-las-proximas-elecciones\/\" aria-label=\"Leer m\u00e1s sobre Crean asociaci\u00f3n por \u00abPor un voto limpio 2013\u00bb ante las pr\u00f3ximas elecciones\">Leer m\u00e1s<\/a><\/p>\n","protected":false},"author":1,"featured_media":0,"comment_status":"open","ping_status":"open","sticky":false,"template":"","format":"standard","meta":{"_monsterinsights_skip_tracking":false,"_monsterinsights_sitenote_active":false,"_monsterinsights_sitenote_note":"","_monsterinsights_sitenote_category":0,"jetpack_post_was_ever_published":false,"_jetpack_newsletter_access":"","_jetpack_dont_email_post_to_subs":false,"_jetpack_newsletter_tier_id":0,"_jetpack_memberships_contains_paywalled_content":false,"_jetpack_memberships_contains_paid_content":false,"footnotes":"","jetpack_publicize_message":"","jetpack_publicize_feature_enabled":true,"jetpack_social_post_already_shared":true,"jetpack_social_options":{"image_generator_settings":{"template":"highway","default_image_id":0,"font":"","enabled":false},"version":2},"_wpas_customize_per_network":false},"categories":[5],"tags":[3515],"class_list":["post-22703","post","type-post","status-publish","format-standard","hentry","category-politica","tag-por-un-voto-limpio","generate-columns","tablet-grid-50","mobile-grid-100","grid-parent","grid-50"],"jetpack_publicize_connections":[],"jetpack_featured_media_url":"","wps_subtitle":"","jetpack_sharing_enabled":true,"_links":{"self":[{"href":"https:\/\/www.hoymercedes.com.ar\/principal\/wp-json\/wp\/v2\/posts\/22703","targetHints":{"allow":["GET"]}}],"collection":[{"href":"https:\/\/www.hoymercedes.com.ar\/principal\/wp-json\/wp\/v2\/posts"}],"about":[{"href":"https:\/\/www.hoymercedes.com.ar\/principal\/wp-json\/wp\/v2\/types\/post"}],"author":[{"embeddable":true,"href":"https:\/\/www.hoymercedes.com.ar\/principal\/wp-json\/wp\/v2\/users\/1"}],"replies":[{"embeddable":true,"href":"https:\/\/www.hoymercedes.com.ar\/principal\/wp-json\/wp\/v2\/comments?post=22703"}],"version-history":[{"count":0,"href":"https:\/\/www.hoymercedes.com.ar\/principal\/wp-json\/wp\/v2\/posts\/22703\/revisions"}],"wp:attachment":[{"href":"https:\/\/www.hoymercedes.com.ar\/principal\/wp-json\/wp\/v2\/media?parent=22703"}],"wp:term":[{"taxonomy":"category","embeddable":true,"href":"https:\/\/www.hoymercedes.com.ar\/principal\/wp-json\/wp\/v2\/categories?post=22703"},{"taxonomy":"post_tag","embeddable":true,"href":"https:\/\/www.hoymercedes.com.ar\/principal\/wp-json\/wp\/v2\/tags?post=22703"}],"curies":[{"name":"wp","href":"https:\/\/api.w.org\/{rel}","templated":true}]}}