{"id":22707,"date":"2013-06-04T02:31:10","date_gmt":"2013-06-04T02:31:10","guid":{"rendered":"http:\/\/www.hoymercedes.com.ar\/principal\/?p=22707"},"modified":"2013-06-04T02:31:10","modified_gmt":"2013-06-04T02:31:10","slug":"se-firmo-convenio-por-ruta-n5-obras-nueva-concesion-y-extension-de-autovia","status":"publish","type":"post","link":"https:\/\/www.hoymercedes.com.ar\/principal\/2013\/06\/04\/se-firmo-convenio-por-ruta-n5-obras-nueva-concesion-y-extension-de-autovia\/","title":{"rendered":"Se firm\u00f3 convenio por Ruta N\u00b05: obras, nueva concesi\u00f3n y extensi\u00f3n de autov\u00eda"},"content":{"rendered":"<figure id=\"attachment_22709\" aria-describedby=\"caption-attachment-22709\" style=\"width: 610px\" class=\"wp-caption aligncenter\"><a href=\"https:\/\/www.hoymercedes.com.ar\/principal\/wp-content\/uploads\/2013\/06\/Vialidad-firmacontrato.jpg\"><img loading=\"lazy\" decoding=\"async\" data-attachment-id=\"22709\" data-permalink=\"https:\/\/www.hoymercedes.com.ar\/principal\/2013\/06\/04\/se-firmo-convenio-por-ruta-n5-obras-nueva-concesion-y-extension-de-autovia\/vialidad-firmacontrato\/#main\" data-orig-file=\"https:\/\/www.hoymercedes.com.ar\/principal\/wp-content\/uploads\/2013\/06\/Vialidad-firmacontrato.jpg\" data-orig-size=\"620,463\" data-comments-opened=\"1\" data-image-meta=\"{&quot;aperture&quot;:&quot;0&quot;,&quot;credit&quot;:&quot;&quot;,&quot;camera&quot;:&quot;&quot;,&quot;caption&quot;:&quot;&quot;,&quot;created_timestamp&quot;:&quot;0&quot;,&quot;copyright&quot;:&quot;&quot;,&quot;focal_length&quot;:&quot;0&quot;,&quot;iso&quot;:&quot;0&quot;,&quot;shutter_speed&quot;:&quot;0&quot;,&quot;title&quot;:&quot;&quot;}\" data-image-title=\"Vialidad-firmacontrato\" data-image-description=\"\" data-image-caption=\"&lt;p&gt;Encuentro en Vialidad Nacional &amp;#8211; Foto: CM&lt;\/p&gt;\n\" data-large-file=\"https:\/\/www.hoymercedes.com.ar\/principal\/wp-content\/uploads\/2013\/06\/Vialidad-firmacontrato.jpg\" class=\"size-full wp-image-22709\" alt=\"Encuentro en Vialidad Nacional - Foto: CM \" src=\"https:\/\/www.hoymercedes.com.ar\/principal\/wp-content\/uploads\/2013\/06\/Vialidad-firmacontrato.jpg\" width=\"620\" height=\"463\" \/><\/a><figcaption id=\"caption-attachment-22709\" class=\"wp-caption-text\">Encuentro en Vialidad Nacional &#8211; Foto: CM<\/figcaption><\/figure>\n<p><em><strong>Un grupo de mercedinos participaron de la firma del nuevo contrato con la empresa que ser\u00e1 de ahora en adelante controladora del Peaje de Olivera y la Ruta Nacional N\u00b05. Importantes obras se esperan finalizar. El contrato es mucho m\u00e1s cercano a la realidad y pedidos de grupos de vecinos: corto y con fuertes compromisos de inversi\u00f3n. Se espera finalizaci\u00f3n de tramo, repavimentaci\u00f3n y potencial extensi\u00f3n, desde Septiembre, hasta Suipacha.\u00a0<\/strong><\/em><\/p>\n<p>Estuvieron presentes junto al m\u00e1ximo responsable de Vialidad Nacional, el Ing. Periotti, Juan Ustarroz, Eduardo \u00abWado\u00bb De Pedro, Alberto Espa\u00f1a, Eduardo Rando, Jos\u00e9 Ramos y Carlos Mosso.<\/p>\n<p>Uno de los que dej\u00f3 un comentario a los mercedinos fue Carlos Mosso qui\u00e9n manifest\u00f3: \u00ab<em> Tuvimos una reuni\u00f3n muy buena esta tarde en Vialidad Nacional, nos recibieron el Ingeniero Periotti, Director de Vialidad. Estuvieron varios mercedinos, como Rando, De Pedro, Ustarroz, Espa\u00f1a, Ramos y qui\u00e9n suscribe como vecinos Autoconvocados y representando a la Uni\u00f3n de Usuarios Viales el se\u00f1or Ignacio Zavaleta. El tema principal de la reuni\u00f3n fue la Autov\u00eda 5, detalles de la nueva concesi\u00f3n, trabajos, tiempos y valores, y desde ya en general el problema vial Nacional y provincial.\u00bb<\/em><\/p>\n<p>Dentro de los datos que se conocieron, que dar\u00e1n los presentes detalles a fondo este mi\u00e9rcoles en conferencia de prensa, se supo que repavimentar\u00e1n cerca de 8km, que terminar\u00e1n el tramo pendiente hasta Luj\u00e1n y que en septiembre podr\u00edan iniciar construcci\u00f3n hasta Suipacha. Que la empresa s\u00f3lo cobrar\u00e1 por avance de obra y no como antes que recib\u00eda los anticipos. Que se regularizar\u00e1 la situaci\u00f3n de los trabajadores y que el contrato es corto, no por d\u00e9cadas como antes.<\/p>\n<p><strong>Recordatorio<\/strong><\/p>\n<p>Los mercedinos dejar\u00e1n de pagar hasta tanto no terminen las obras. Para ello quienes no est\u00e9n registrados deben acercarse hasta las cabinas de olivera y efectuar el tr\u00e1mite correspondiente.<\/p>\n<p>&nbsp;<\/p>\n<p>&nbsp;<\/p>\n","protected":false},"excerpt":{"rendered":"<p>Un grupo de mercedinos participaron de la firma del nuevo contrato con la empresa que ser\u00e1 de ahora en adelante &#8230; <a title=\"Se firm\u00f3 convenio por Ruta N\u00b05: obras, nueva concesi\u00f3n y extensi\u00f3n de autov\u00eda\" class=\"read-more\" href=\"https:\/\/www.hoymercedes.com.ar\/principal\/2013\/06\/04\/se-firmo-convenio-por-ruta-n5-obras-nueva-concesion-y-extension-de-autovia\/\" aria-label=\"Leer m\u00e1s sobre Se firm\u00f3 convenio por Ruta N\u00b05: obras, nueva concesi\u00f3n y extensi\u00f3n de autov\u00eda\">Leer m\u00e1s<\/a><\/p>\n","protected":false},"author":1,"featured_media":0,"comment_status":"open","ping_status":"open","sticky":false,"template":"","format":"standard","meta":{"_monsterinsights_skip_tracking":false,"_monsterinsights_sitenote_active":false,"_monsterinsights_sitenote_note":"","_monsterinsights_sitenote_category":0,"jetpack_post_was_ever_published":false,"_jetpack_newsletter_access":"","_jetpack_dont_email_post_to_subs":false,"_jetpack_newsletter_tier_id":0,"_jetpack_memberships_contains_paywalled_content":false,"_jetpack_memberships_contains_paid_content":false,"footnotes":"","jetpack_publicize_message":"","jetpack_publicize_feature_enabled":true,"jetpack_social_post_already_shared":true,"jetpack_social_options":{"image_generator_settings":{"template":"highway","default_image_id":0,"font":"","enabled":false},"version":2},"_wpas_customize_per_network":false},"categories":[8],"tags":[3052,1277,3517,538,424,3516,281],"class_list":["post-22707","post","type-post","status-publish","format-standard","hentry","category-sociedad","tag-carlos-mosso","tag-espana","tag-rando","tag-ruta-5","tag-ustarroz","tag-vialidad-nacional","tag-wado-de-pedro","generate-columns","tablet-grid-50","mobile-grid-100","grid-parent","grid-50"],"jetpack_publicize_connections":[],"jetpack_featured_media_url":"","wps_subtitle":"","jetpack_sharing_enabled":true,"_links":{"self":[{"href":"https:\/\/www.hoymercedes.com.ar\/principal\/wp-json\/wp\/v2\/posts\/22707","targetHints":{"allow":["GET"]}}],"collection":[{"href":"https:\/\/www.hoymercedes.com.ar\/principal\/wp-json\/wp\/v2\/posts"}],"about":[{"href":"https:\/\/www.hoymercedes.com.ar\/principal\/wp-json\/wp\/v2\/types\/post"}],"author":[{"embeddable":true,"href":"https:\/\/www.hoymercedes.com.ar\/principal\/wp-json\/wp\/v2\/users\/1"}],"replies":[{"embeddable":true,"href":"https:\/\/www.hoymercedes.com.ar\/principal\/wp-json\/wp\/v2\/comments?post=22707"}],"version-history":[{"count":0,"href":"https:\/\/www.hoymercedes.com.ar\/principal\/wp-json\/wp\/v2\/posts\/22707\/revisions"}],"wp:attachment":[{"href":"https:\/\/www.hoymercedes.com.ar\/principal\/wp-json\/wp\/v2\/media?parent=22707"}],"wp:term":[{"taxonomy":"category","embeddable":true,"href":"https:\/\/www.hoymercedes.com.ar\/principal\/wp-json\/wp\/v2\/categories?post=22707"},{"taxonomy":"post_tag","embeddable":true,"href":"https:\/\/www.hoymercedes.com.ar\/principal\/wp-json\/wp\/v2\/tags?post=22707"}],"curies":[{"name":"wp","href":"https:\/\/api.w.org\/{rel}","templated":true}]}}