{"id":2271,"date":"2011-02-17T10:47:29","date_gmt":"2011-02-17T10:47:29","guid":{"rendered":"http:\/\/www.hoymercedes.com.ar\/principal\/?p=2271"},"modified":"2011-02-17T10:47:29","modified_gmt":"2011-02-17T10:47:29","slug":"apuntan-mediante-ayuda-tecnica-y-economica-al-fortalecimiento-de-productores-pequenos-de-leche","status":"publish","type":"post","link":"https:\/\/www.hoymercedes.com.ar\/principal\/2011\/02\/17\/apuntan-mediante-ayuda-tecnica-y-economica-al-fortalecimiento-de-productores-pequenos-de-leche\/","title":{"rendered":"Apuntan mediante ayuda t\u00e9cnica y econ\u00f3mica al fortalecimiento de productores peque\u00f1os de leche"},"content":{"rendered":"<p>El Ingeniero Marcelo Denapole dio detalles relacionados con el convenio firmado entre el Intendente Selva y el Ministro Ariel Franetovich<\/p>\n<p>Finalmente el Departamento Ejecutivo procedi\u00f3 a elevar al Honorable Concejo Deliberante el convenio firmado con el Ministerio de Asuntos Agrarios\u00a0 de la Provincia para la implementaci\u00f3n en nuestro Partido de un Programa que brinda asistencia t\u00e9cnica y econ\u00f3mica a peque\u00f1os productores de litros, especialmente aquellos cuya producci\u00f3n no supere los mil litros diarios.<\/p>\n<p>El titular del Bloque del Frente para la Victoria-Partido  Justicialista,\u00a0 Marcelo Denapole dio detalles de la instrumentaci\u00f3n de dicho programa expresando \u201cse trata del convenio enviado desde la Direcci\u00f3n de Planeamiento y Producci\u00f3n cuyo convenio se firm\u00f3 en diciembre del a\u00f1o pasado entre el Intendente Carlos Selva y el Ministro de Asuntos Agrarios de la Provincia\u00a0 Ariel Franetovich para el Fortalecimiento de Peque\u00f1os Productores de Leche consider\u00e1ndose como tal a aquellos que no superen una producci\u00f3n diaria de mil litros.<\/p>\n<p>El objetivo es posibilitar a dicho sector que en la provincia cuenta con una participaci\u00f3n de alrededor de diez mil trabajadores y la producci\u00f3n de leche si bien representa un porcentaje peque\u00f1o de la producci\u00f3n total, dichos tambos\u00a0 absorben la mayor cantidad de mano de obra que hoy tiene el sector\u00a0 y es a ellos a los que se orienta esta ayuda que tiene que ver con aportes t\u00e9cnicos y de capacitaci\u00f3n como as\u00ed tambi\u00e9n aportes monetarios de car\u00e1cter no reintegrables\u00a0 pero adem\u00e1s est\u00e1 previsto la posibilidad de otorgar cierto tipo de cr\u00e9dito cuyas cuotas tendr\u00e1n relaci\u00f3n con el valor del producto que elaboran con un plazo de cancelaci\u00f3n de doce meses.<\/p>\n<p>La municipalidad recibir\u00e1\u00a0 la correspondiente transferencia monetaria desde la provincia y tendr\u00e1\u00a0 que formar una Comisi\u00f3n Local que se encargar\u00e1 de efectuar la evaluaci\u00f3n de cada uno de los posibles beneficiarios ya sea con asistencia t\u00e9cnica y de capacitaci\u00f3n como en dinero a trav\u00e9s de aportes no reintegrables, dicha comisi\u00f3n seguramente tendr\u00e1 como sede la Casa de Campo y sus integrantes adem\u00e1s de funcionarios municipales ser\u00eda aquellas personas\u00a0 con los organismos relacionados con el campo como ser la  Sociedad Rural, la delegaci\u00f3n local del SENASA, etc.<\/p>\n<p>Tambi\u00e9n el municipio debe concretar la tarea de dar la suficiente informaci\u00f3n a los productores acerca de la implementaci\u00f3n del Programa, llevar adelante las jornadas de capacitaci\u00f3n que se lleven a cabo y adem\u00e1s efectuar las auditor\u00edas que les podr\u00eda llegar a solicitar el Ministerio de Asuntos Agrarios.<\/p>\n<p>Si bien es verdad que algunos de los productores est\u00e1n por debajo de los mil litros diarios y hasta incluso hubo momentos en que los camiones de las principales plantas l\u00e1cteas de la zona no quer\u00edan ingresar\u00a0 si no entregaban entre 1500 y 2000 litros hoy las cosas han cambiado incluso cambiar\u00e1n mucho m\u00e1s a partir de marzo cuando comience el ciclo escolar y la demanda de leche sea mucho mayor a la actual entonces si van a retirarla con el \u00fanico requisito de que en caso del lluvia el productor colabore llevando su producci\u00f3n hasta la Ruta o bien hasta un camino lo suficientemente consolidados para la circulaci\u00f3n de un cami\u00f3n.<\/p>\n<p>Ahora nosotros estamos hablando con los referentes de los bloques para acordar un despacho aprobando la firma del convenio en la sesi\u00f3n extraordinaria que el Cuerpo Deliberativo estar\u00e1 realizando el martes 22 girando la resoluci\u00f3n al Ministerio de Asuntos Agrarios para que se pueda dar inicio a la implementaci\u00f3n de dicho plan de fortalecimiento lo antes posible teniendo en cuenta que ya casi pasaron dos meses desde el momento en que se firmo el acuerdo\u201d.<\/p>\n<p>Por ultimo el Ingeniero Denapole sostuvo \u201clo importante es que cada uno de estos peque\u00f1os productores cuentan con toda la documentaci\u00f3n en regla porque de lo contrario ni siquiera podr\u00edan producir leche para maza ya que para ello deben contar con la certificaci\u00f3n que otorga el SENASA de las condiciones sanitarias para poder trabajar y al mismo tiempo suelen ser mono tributistas con lo cual tienen garantizado la cobertura impositiva correspondiente m\u00e1s all\u00e1 que desde el municipio se les facilite todos los tr\u00e1mites para que puedan estar debidamente registrado y asi llegar a obtener los beneficios que otorgan los diferentes programas de ayuda que desde el gobierno se implementan para mejorar la producci\u00f3n de leche en la provincia\u201d<\/p>\n","protected":false},"excerpt":{"rendered":"<p>El Ingeniero Marcelo Denapole dio detalles relacionados con el convenio firmado entre el Intendente Selva y el Ministro Ariel Franetovich &#8230; <a title=\"Apuntan mediante ayuda t\u00e9cnica y econ\u00f3mica al fortalecimiento de productores peque\u00f1os de leche\" class=\"read-more\" href=\"https:\/\/www.hoymercedes.com.ar\/principal\/2011\/02\/17\/apuntan-mediante-ayuda-tecnica-y-economica-al-fortalecimiento-de-productores-pequenos-de-leche\/\" aria-label=\"Leer m\u00e1s sobre Apuntan mediante ayuda t\u00e9cnica y econ\u00f3mica al fortalecimiento de productores peque\u00f1os de leche\">Leer m\u00e1s<\/a><\/p>\n","protected":false},"author":1,"featured_media":0,"comment_status":"open","ping_status":"open","sticky":false,"template":"","format":"standard","meta":{"_monsterinsights_skip_tracking":false,"_monsterinsights_sitenote_active":false,"_monsterinsights_sitenote_note":"","_monsterinsights_sitenote_category":0,"jetpack_post_was_ever_published":false,"_jetpack_newsletter_access":"","_jetpack_dont_email_post_to_subs":false,"_jetpack_newsletter_tier_id":0,"_jetpack_memberships_contains_paywalled_content":false,"_jetpack_memberships_contains_paid_content":false,"footnotes":"","jetpack_publicize_message":"","jetpack_publicize_feature_enabled":true,"jetpack_social_post_already_shared":false,"jetpack_social_options":{"image_generator_settings":{"template":"highway","default_image_id":0,"font":"","enabled":false},"version":2},"_wpas_customize_per_network":false},"categories":[8],"tags":[493],"class_list":["post-2271","post","type-post","status-publish","format-standard","hentry","category-sociedad","tag-lecheria-bs-as","generate-columns","tablet-grid-50","mobile-grid-100","grid-parent","grid-50"],"jetpack_publicize_connections":[],"jetpack_featured_media_url":"","wps_subtitle":"","jetpack_sharing_enabled":true,"_links":{"self":[{"href":"https:\/\/www.hoymercedes.com.ar\/principal\/wp-json\/wp\/v2\/posts\/2271","targetHints":{"allow":["GET"]}}],"collection":[{"href":"https:\/\/www.hoymercedes.com.ar\/principal\/wp-json\/wp\/v2\/posts"}],"about":[{"href":"https:\/\/www.hoymercedes.com.ar\/principal\/wp-json\/wp\/v2\/types\/post"}],"author":[{"embeddable":true,"href":"https:\/\/www.hoymercedes.com.ar\/principal\/wp-json\/wp\/v2\/users\/1"}],"replies":[{"embeddable":true,"href":"https:\/\/www.hoymercedes.com.ar\/principal\/wp-json\/wp\/v2\/comments?post=2271"}],"version-history":[{"count":0,"href":"https:\/\/www.hoymercedes.com.ar\/principal\/wp-json\/wp\/v2\/posts\/2271\/revisions"}],"wp:attachment":[{"href":"https:\/\/www.hoymercedes.com.ar\/principal\/wp-json\/wp\/v2\/media?parent=2271"}],"wp:term":[{"taxonomy":"category","embeddable":true,"href":"https:\/\/www.hoymercedes.com.ar\/principal\/wp-json\/wp\/v2\/categories?post=2271"},{"taxonomy":"post_tag","embeddable":true,"href":"https:\/\/www.hoymercedes.com.ar\/principal\/wp-json\/wp\/v2\/tags?post=2271"}],"curies":[{"name":"wp","href":"https:\/\/api.w.org\/{rel}","templated":true}]}}