{"id":2286,"date":"2011-02-18T02:13:53","date_gmt":"2011-02-18T02:13:53","guid":{"rendered":"http:\/\/www.hoymercedes.com.ar\/principal\/?p=2286"},"modified":"2011-02-18T02:20:30","modified_gmt":"2011-02-18T02:20:30","slug":"gabinete-municipal-%c2%bfrumores-nada-mas","status":"publish","type":"post","link":"https:\/\/www.hoymercedes.com.ar\/principal\/2011\/02\/18\/gabinete-municipal-%c2%bfrumores-nada-mas\/","title":{"rendered":"Gabinete municipal, \u00bfRumores nada m\u00e1s?"},"content":{"rendered":"<p>En los \u00faltimos tiempos es muy usual poder escuchar en los pasillos del mujicipio diferentes versiones acerca de supuestas renuncias de integrantes del gabinete del Intendente Carlos Selva pero las misms o tardan en confirmarse o bien con el tiempo quedan por si solas desmentidas.<\/p>\n<p>En este caso la versi\u00f3n se refiere a uno de los funcionarios m\u00e1s allegados a su funci\u00f3n pero oficialmente nadie se sabe, todos comentarios, simple rumores, Rumo mores i akgi m\u00e1s, lo cierto es que nadie dice absolutamente nada pero el comentario se escuchacada dia con mayor fuerza,algunos indican que la renuncia ser\u00eda por motivos familiares,otros dicen que despu\u00e9s de tanto tiempo se encuentra cansado,los m\u00e1s incr\u00e9dulo de\u00a0 los anteriores motivos indican que mantedr\u00eda muy seris diferencias con otro funcionario. Vaya uno a saber, por ahora son solo rumores, pero insistimos \u00bfRumores nada m\u00e1s?<\/p>\n","protected":false},"excerpt":{"rendered":"<p>En los \u00faltimos tiempos es muy usual poder escuchar en los pasillos del mujicipio diferentes versiones acerca de supuestas renuncias &#8230; <a title=\"Gabinete municipal, \u00bfRumores nada m\u00e1s?\" class=\"read-more\" href=\"https:\/\/www.hoymercedes.com.ar\/principal\/2011\/02\/18\/gabinete-municipal-%c2%bfrumores-nada-mas\/\" aria-label=\"Leer m\u00e1s sobre Gabinete municipal, \u00bfRumores nada m\u00e1s?\">Leer m\u00e1s<\/a><\/p>\n","protected":false},"author":1,"featured_media":0,"comment_status":"open","ping_status":"open","sticky":false,"template":"","format":"standard","meta":{"_monsterinsights_skip_tracking":false,"_monsterinsights_sitenote_active":false,"_monsterinsights_sitenote_note":"","_monsterinsights_sitenote_category":0,"jetpack_post_was_ever_published":false,"_jetpack_newsletter_access":"","_jetpack_dont_email_post_to_subs":false,"_jetpack_newsletter_tier_id":0,"_jetpack_memberships_contains_paywalled_content":false,"_jetpack_memberships_contains_paid_content":false,"footnotes":"","jetpack_publicize_message":"","jetpack_publicize_feature_enabled":true,"jetpack_social_post_already_shared":false,"jetpack_social_options":{"image_generator_settings":{"template":"highway","default_image_id":0,"font":"","enabled":false},"version":2},"_wpas_customize_per_network":false},"categories":[1],"tags":[],"class_list":["post-2286","post","type-post","status-publish","format-standard","hentry","category-opinion","generate-columns","tablet-grid-50","mobile-grid-100","grid-parent","grid-50"],"jetpack_publicize_connections":[],"jetpack_featured_media_url":"","wps_subtitle":"","jetpack_sharing_enabled":true,"_links":{"self":[{"href":"https:\/\/www.hoymercedes.com.ar\/principal\/wp-json\/wp\/v2\/posts\/2286","targetHints":{"allow":["GET"]}}],"collection":[{"href":"https:\/\/www.hoymercedes.com.ar\/principal\/wp-json\/wp\/v2\/posts"}],"about":[{"href":"https:\/\/www.hoymercedes.com.ar\/principal\/wp-json\/wp\/v2\/types\/post"}],"author":[{"embeddable":true,"href":"https:\/\/www.hoymercedes.com.ar\/principal\/wp-json\/wp\/v2\/users\/1"}],"replies":[{"embeddable":true,"href":"https:\/\/www.hoymercedes.com.ar\/principal\/wp-json\/wp\/v2\/comments?post=2286"}],"version-history":[{"count":0,"href":"https:\/\/www.hoymercedes.com.ar\/principal\/wp-json\/wp\/v2\/posts\/2286\/revisions"}],"wp:attachment":[{"href":"https:\/\/www.hoymercedes.com.ar\/principal\/wp-json\/wp\/v2\/media?parent=2286"}],"wp:term":[{"taxonomy":"category","embeddable":true,"href":"https:\/\/www.hoymercedes.com.ar\/principal\/wp-json\/wp\/v2\/categories?post=2286"},{"taxonomy":"post_tag","embeddable":true,"href":"https:\/\/www.hoymercedes.com.ar\/principal\/wp-json\/wp\/v2\/tags?post=2286"}],"curies":[{"name":"wp","href":"https:\/\/api.w.org\/{rel}","templated":true}]}}