{"id":2289,"date":"2011-02-18T21:30:42","date_gmt":"2011-02-18T21:30:42","guid":{"rendered":"http:\/\/www.hoymercedes.com.ar\/principal\/?p=2289"},"modified":"2011-02-18T21:30:42","modified_gmt":"2011-02-18T21:30:42","slug":"llegaron-los-chicos-desde-chapadmalal","status":"publish","type":"post","link":"https:\/\/www.hoymercedes.com.ar\/principal\/2011\/02\/18\/llegaron-los-chicos-desde-chapadmalal\/","title":{"rendered":"Llegaron los chicos desde Chapadmalal"},"content":{"rendered":"<p>Casi a las 17.30 de este viernes llegaron a nuestra ciudad los quince alumnos de establecimientos locales que tras haber participado del Programa Escuelas de Verano por haber sido electos mejores compa\u00f1eros pudieron viajar a Chapadnalal para participar junto a otros mil alumnos de toda la provincia de un campamento la Direcci\u00f3n General de Cultura y Educaci\u00f3n\u00a0\u00a0\u00a0 DGCyE de la provincia.<\/p>\n<p>El presidente del Consejo Escolar Oscar Fii\u00edpin sostuvo\u00bbel grupo fue acmpa\u00f1ado por la coordinadora del programa en nuestra ciudad Guillermina Grasso que realmente este a\u00f1o hizo un excelente trabajo con los chicos as\u00ed que estamos muy felices\u00bb. Por su pate la Coordinadora manifest\u00f3 \u00abha sido una experiencia muy positiva ya que muchos de los ni\u00f1os que viajaron nunca hab\u00edan estado en contacto con el mar. Todo termin\u00f3 con un gran fogon con algo m\u00e1s de mil chicos de toda la provincia compartiendo una serie de actividades recreativas a lo largo de casi toda la noche\u00bb<\/p>\n","protected":false},"excerpt":{"rendered":"<p>Casi a las 17.30 de este viernes llegaron a nuestra ciudad los quince alumnos de establecimientos locales que tras haber &#8230; <a title=\"Llegaron los chicos desde Chapadmalal\" class=\"read-more\" href=\"https:\/\/www.hoymercedes.com.ar\/principal\/2011\/02\/18\/llegaron-los-chicos-desde-chapadmalal\/\" aria-label=\"Leer m\u00e1s sobre Llegaron los chicos desde Chapadmalal\">Leer m\u00e1s<\/a><\/p>\n","protected":false},"author":1,"featured_media":0,"comment_status":"open","ping_status":"open","sticky":false,"template":"","format":"standard","meta":{"_monsterinsights_skip_tracking":false,"_monsterinsights_sitenote_active":false,"_monsterinsights_sitenote_note":"","_monsterinsights_sitenote_category":0,"jetpack_post_was_ever_published":false,"_jetpack_newsletter_access":"","_jetpack_dont_email_post_to_subs":false,"_jetpack_newsletter_tier_id":0,"_jetpack_memberships_contains_paywalled_content":false,"_jetpack_memberships_contains_paid_content":false,"footnotes":"","jetpack_publicize_message":"","jetpack_publicize_feature_enabled":true,"jetpack_social_post_already_shared":false,"jetpack_social_options":{"image_generator_settings":{"template":"highway","default_image_id":0,"font":"","enabled":false},"version":2},"_wpas_customize_per_network":false},"categories":[1],"tags":[],"class_list":["post-2289","post","type-post","status-publish","format-standard","hentry","category-opinion","generate-columns","tablet-grid-50","mobile-grid-100","grid-parent","grid-50"],"jetpack_publicize_connections":[],"jetpack_featured_media_url":"","wps_subtitle":"","jetpack_sharing_enabled":true,"_links":{"self":[{"href":"https:\/\/www.hoymercedes.com.ar\/principal\/wp-json\/wp\/v2\/posts\/2289","targetHints":{"allow":["GET"]}}],"collection":[{"href":"https:\/\/www.hoymercedes.com.ar\/principal\/wp-json\/wp\/v2\/posts"}],"about":[{"href":"https:\/\/www.hoymercedes.com.ar\/principal\/wp-json\/wp\/v2\/types\/post"}],"author":[{"embeddable":true,"href":"https:\/\/www.hoymercedes.com.ar\/principal\/wp-json\/wp\/v2\/users\/1"}],"replies":[{"embeddable":true,"href":"https:\/\/www.hoymercedes.com.ar\/principal\/wp-json\/wp\/v2\/comments?post=2289"}],"version-history":[{"count":0,"href":"https:\/\/www.hoymercedes.com.ar\/principal\/wp-json\/wp\/v2\/posts\/2289\/revisions"}],"wp:attachment":[{"href":"https:\/\/www.hoymercedes.com.ar\/principal\/wp-json\/wp\/v2\/media?parent=2289"}],"wp:term":[{"taxonomy":"category","embeddable":true,"href":"https:\/\/www.hoymercedes.com.ar\/principal\/wp-json\/wp\/v2\/categories?post=2289"},{"taxonomy":"post_tag","embeddable":true,"href":"https:\/\/www.hoymercedes.com.ar\/principal\/wp-json\/wp\/v2\/tags?post=2289"}],"curies":[{"name":"wp","href":"https:\/\/api.w.org\/{rel}","templated":true}]}}