{"id":2291,"date":"2011-02-19T02:31:15","date_gmt":"2011-02-19T02:31:15","guid":{"rendered":"http:\/\/www.hoymercedes.com.ar\/principal\/?p=2291"},"modified":"2011-02-19T02:31:15","modified_gmt":"2011-02-19T02:31:15","slug":"concluyo-programa-para-pintar-escuelas","status":"publish","type":"post","link":"https:\/\/www.hoymercedes.com.ar\/principal\/2011\/02\/19\/concluyo-programa-para-pintar-escuelas\/","title":{"rendered":"Concluy\u00f3 programa para pintar escuelas"},"content":{"rendered":"<p>Los integrantes de las juventudes pertenecientes a las diferentes agrupaciones relacionadas con el Kirchnerismo en nuestra ciudad concluyeron la tarea de pintar tres establecimientos educacionales dentro del programa que en todo el pa\u00eds se llev\u00f3 a cabo con el aval del Ministerio de Educaci\u00f3n de la Naci\u00f3n denominado Nacen 1000 flfores,pinto mil escuelas,.\u00a0 En nuestro medio se cont\u00f3 con el apoyo de la Municipalidad, el Consejo Escolar y los responsables de Inspecci\u00f3n tanto distrital como regional trabajando enlapropuestas los representantes del Movimiento 17 de octubre, Casa Joven, Evita Vive, Partido de la Victoria, La Campora, la Kolina y la Juventud Sindical.<\/p>\n<p>Las escuelas que recibieron di.cho beneficio fueron la ESB<\/p>\n<p>2, la Escuela Normal y la Escuela 7 logr\u00e1ndose completar ls tareas necesarias en el t\u00e9rmino de cuatro d\u00edas.<\/p>\n<p>Los integrantes de los diferentes grupos se reunieron una vez concluidas las tareas en la PlazaSan Mart\u00edn donde un representante de cada uno de ellos hizo uso delapalabra expresando lo que hab\u00edan sentido al trabajar de manera mancomunada en una tarea solidaria y voluntaria realizada para recordar la figura del fallecidio ex presidente de la Naci\u00f3n N\u00e9stor Kirchner<\/p>\n","protected":false},"excerpt":{"rendered":"<p>Los integrantes de las juventudes pertenecientes a las diferentes agrupaciones relacionadas con el Kirchnerismo en nuestra ciudad concluyeron la tarea &#8230; <a title=\"Concluy\u00f3 programa para pintar escuelas\" class=\"read-more\" href=\"https:\/\/www.hoymercedes.com.ar\/principal\/2011\/02\/19\/concluyo-programa-para-pintar-escuelas\/\" aria-label=\"Leer m\u00e1s sobre Concluy\u00f3 programa para pintar escuelas\">Leer m\u00e1s<\/a><\/p>\n","protected":false},"author":1,"featured_media":0,"comment_status":"open","ping_status":"open","sticky":false,"template":"","format":"standard","meta":{"_monsterinsights_skip_tracking":false,"_monsterinsights_sitenote_active":false,"_monsterinsights_sitenote_note":"","_monsterinsights_sitenote_category":0,"jetpack_post_was_ever_published":false,"_jetpack_newsletter_access":"","_jetpack_dont_email_post_to_subs":false,"_jetpack_newsletter_tier_id":0,"_jetpack_memberships_contains_paywalled_content":false,"_jetpack_memberships_contains_paid_content":false,"footnotes":"","jetpack_publicize_message":"","jetpack_publicize_feature_enabled":true,"jetpack_social_post_already_shared":false,"jetpack_social_options":{"image_generator_settings":{"template":"highway","default_image_id":0,"font":"","enabled":false},"version":2},"_wpas_customize_per_network":false},"categories":[1],"tags":[],"class_list":["post-2291","post","type-post","status-publish","format-standard","hentry","category-opinion","generate-columns","tablet-grid-50","mobile-grid-100","grid-parent","grid-50"],"jetpack_publicize_connections":[],"jetpack_featured_media_url":"","wps_subtitle":"","jetpack_sharing_enabled":true,"_links":{"self":[{"href":"https:\/\/www.hoymercedes.com.ar\/principal\/wp-json\/wp\/v2\/posts\/2291","targetHints":{"allow":["GET"]}}],"collection":[{"href":"https:\/\/www.hoymercedes.com.ar\/principal\/wp-json\/wp\/v2\/posts"}],"about":[{"href":"https:\/\/www.hoymercedes.com.ar\/principal\/wp-json\/wp\/v2\/types\/post"}],"author":[{"embeddable":true,"href":"https:\/\/www.hoymercedes.com.ar\/principal\/wp-json\/wp\/v2\/users\/1"}],"replies":[{"embeddable":true,"href":"https:\/\/www.hoymercedes.com.ar\/principal\/wp-json\/wp\/v2\/comments?post=2291"}],"version-history":[{"count":0,"href":"https:\/\/www.hoymercedes.com.ar\/principal\/wp-json\/wp\/v2\/posts\/2291\/revisions"}],"wp:attachment":[{"href":"https:\/\/www.hoymercedes.com.ar\/principal\/wp-json\/wp\/v2\/media?parent=2291"}],"wp:term":[{"taxonomy":"category","embeddable":true,"href":"https:\/\/www.hoymercedes.com.ar\/principal\/wp-json\/wp\/v2\/categories?post=2291"},{"taxonomy":"post_tag","embeddable":true,"href":"https:\/\/www.hoymercedes.com.ar\/principal\/wp-json\/wp\/v2\/tags?post=2291"}],"curies":[{"name":"wp","href":"https:\/\/api.w.org\/{rel}","templated":true}]}}