{"id":22944,"date":"2013-06-15T21:45:19","date_gmt":"2013-06-15T21:45:19","guid":{"rendered":"http:\/\/www.hoymercedes.com.ar\/principal\/?p=22944"},"modified":"2013-06-15T21:45:19","modified_gmt":"2013-06-15T21:45:19","slug":"biblioteca-sarmiento-recibio-subsidio-de-la-conabip","status":"publish","type":"post","link":"https:\/\/www.hoymercedes.com.ar\/principal\/2013\/06\/15\/biblioteca-sarmiento-recibio-subsidio-de-la-conabip\/","title":{"rendered":"Biblioteca Sarmiento recibi\u00f3 subsidio de la \u00abConabip\u00bb"},"content":{"rendered":"<figure id=\"attachment_22946\" aria-describedby=\"caption-attachment-22946\" style=\"width: 610px\" class=\"wp-caption aligncenter\"><a href=\"https:\/\/www.hoymercedes.com.ar\/principal\/wp-content\/uploads\/2013\/06\/BibliotecaSarmiento-Subsidio.jpg\"><img loading=\"lazy\" decoding=\"async\" data-attachment-id=\"22946\" data-permalink=\"https:\/\/www.hoymercedes.com.ar\/principal\/2013\/06\/15\/biblioteca-sarmiento-recibio-subsidio-de-la-conabip\/bibliotecasarmiento-subsidio\/#main\" data-orig-file=\"https:\/\/www.hoymercedes.com.ar\/principal\/wp-content\/uploads\/2013\/06\/BibliotecaSarmiento-Subsidio.jpg\" data-orig-size=\"620,413\" data-comments-opened=\"1\" data-image-meta=\"{&quot;aperture&quot;:&quot;4.5&quot;,&quot;credit&quot;:&quot;&quot;,&quot;camera&quot;:&quot;Canon EOS REBEL T3i&quot;,&quot;caption&quot;:&quot;&quot;,&quot;created_timestamp&quot;:&quot;1364214422&quot;,&quot;copyright&quot;:&quot;&quot;,&quot;focal_length&quot;:&quot;32&quot;,&quot;iso&quot;:&quot;400&quot;,&quot;shutter_speed&quot;:&quot;0.016666666666667&quot;,&quot;title&quot;:&quot;&quot;}\" data-image-title=\"BibliotecaSarmiento-Subsidio\" data-image-description=\"\" data-image-caption=\"&lt;p&gt;Subsidio Biblioteca Sarmiento&lt;\/p&gt;\n\" data-large-file=\"https:\/\/www.hoymercedes.com.ar\/principal\/wp-content\/uploads\/2013\/06\/BibliotecaSarmiento-Subsidio.jpg\" class=\"size-full wp-image-22946\" alt=\"Subsidio Biblioteca Sarmiento \" src=\"https:\/\/www.hoymercedes.com.ar\/principal\/wp-content\/uploads\/2013\/06\/BibliotecaSarmiento-Subsidio.jpg\" width=\"620\" height=\"413\" \/><\/a><figcaption id=\"caption-attachment-22946\" class=\"wp-caption-text\">Subsidio Biblioteca Sarmiento<\/figcaption><\/figure>\n<p><em><strong>La biblioteca Sarmiento de nuestra ciudad recibi\u00f3 un subsidio a manos de la Comisi\u00f3n Nacional de Bibliotecas Populares\u00bb. El monto es de $28.000. Se trata de un pedido que hace tiempo se hab\u00eda realizado y que se logr\u00f3 materializar en los d\u00edas que corren.<\/strong><\/em><\/p>\n<p>El acto cont\u00f3 con la presencia de referentes del Frente Mercedino trat\u00e1ndose el subsidio de una gesti\u00f3n en apoyo para agilizar el tr\u00e1mite efectuada por dicha fuerza pol\u00edtica.<\/p>\n<p>El dinero ser\u00e1 utilizado para las diversas necesidades con que cotidianamente lidia la instituci\u00f3n tradicional de nuestra ciudad y por la cual miles de mercedinos han pasado en sus tantos a\u00f1os de historia.<\/p>\n<p>La CONABIP (Comisi\u00f3n Nacional de Bibliotecas Populares) es un organismo dependiente de la Secretar\u00eda de Cultura de la Naci\u00f3n y, seg\u00fan explican,<em> \u201corienta sus esfuerzos a fortalecer y ampliar la participaci\u00f3n de las bibliotecas populares en la agenda democr\u00e1tica y el v\u00ednculo con las comunidades a las cuales pertenecen.<\/em>En diferentes espacios y por distintos mecanismos y herramientas se lleva a cabo el compromiso social y cultural para la construcci\u00f3n de ciudadan\u00eda plena e inclusiva.\u00a0Adem\u00e1s de este subsidio de la Comisi\u00f3n Nacional de Bibliotecas Populares (CONABIP), la instituci\u00f3n recibi\u00f3\u00a0semanas atr\u00e1s de parte de Ustarroz otro aporte de $ 10.000 y diversos materiales para resolver algunas cuestiones edilicias. \u201cPara nosotros siempre es un gusto poder ayudar a las instituciones, y sobre todo cuando se trata de la Biblioteca, a la que todos los mercedinos le tenemos un cari\u00f1o especial\u201d, dijo Ustarroz.<\/p>\n<p>&nbsp;<\/p>\n","protected":false},"excerpt":{"rendered":"<p>La biblioteca Sarmiento de nuestra ciudad recibi\u00f3 un subsidio a manos de la Comisi\u00f3n Nacional de Bibliotecas Populares\u00bb. El monto &#8230; <a title=\"Biblioteca Sarmiento recibi\u00f3 subsidio de la \u00abConabip\u00bb\" class=\"read-more\" href=\"https:\/\/www.hoymercedes.com.ar\/principal\/2013\/06\/15\/biblioteca-sarmiento-recibio-subsidio-de-la-conabip\/\" aria-label=\"Leer m\u00e1s sobre Biblioteca Sarmiento recibi\u00f3 subsidio de la \u00abConabip\u00bb\">Leer m\u00e1s<\/a><\/p>\n","protected":false},"author":1,"featured_media":0,"comment_status":"open","ping_status":"open","sticky":false,"template":"","format":"standard","meta":{"_monsterinsights_skip_tracking":false,"_monsterinsights_sitenote_active":false,"_monsterinsights_sitenote_note":"","_monsterinsights_sitenote_category":0,"jetpack_post_was_ever_published":false,"_jetpack_newsletter_access":"","_jetpack_dont_email_post_to_subs":false,"_jetpack_newsletter_tier_id":0,"_jetpack_memberships_contains_paywalled_content":false,"_jetpack_memberships_contains_paid_content":false,"footnotes":"","jetpack_publicize_message":"","jetpack_publicize_feature_enabled":true,"jetpack_social_post_already_shared":true,"jetpack_social_options":{"image_generator_settings":{"template":"highway","default_image_id":0,"font":"","enabled":false},"version":2},"_wpas_customize_per_network":false},"categories":[23],"tags":[379,585],"class_list":["post-22944","post","type-post","status-publish","format-standard","hentry","category-educacion","tag-frente-mercedino-para-la-victoria","tag-juan-ustarroz","generate-columns","tablet-grid-50","mobile-grid-100","grid-parent","grid-50"],"jetpack_publicize_connections":[],"jetpack_featured_media_url":"","wps_subtitle":"","jetpack_sharing_enabled":true,"_links":{"self":[{"href":"https:\/\/www.hoymercedes.com.ar\/principal\/wp-json\/wp\/v2\/posts\/22944","targetHints":{"allow":["GET"]}}],"collection":[{"href":"https:\/\/www.hoymercedes.com.ar\/principal\/wp-json\/wp\/v2\/posts"}],"about":[{"href":"https:\/\/www.hoymercedes.com.ar\/principal\/wp-json\/wp\/v2\/types\/post"}],"author":[{"embeddable":true,"href":"https:\/\/www.hoymercedes.com.ar\/principal\/wp-json\/wp\/v2\/users\/1"}],"replies":[{"embeddable":true,"href":"https:\/\/www.hoymercedes.com.ar\/principal\/wp-json\/wp\/v2\/comments?post=22944"}],"version-history":[{"count":0,"href":"https:\/\/www.hoymercedes.com.ar\/principal\/wp-json\/wp\/v2\/posts\/22944\/revisions"}],"wp:attachment":[{"href":"https:\/\/www.hoymercedes.com.ar\/principal\/wp-json\/wp\/v2\/media?parent=22944"}],"wp:term":[{"taxonomy":"category","embeddable":true,"href":"https:\/\/www.hoymercedes.com.ar\/principal\/wp-json\/wp\/v2\/categories?post=22944"},{"taxonomy":"post_tag","embeddable":true,"href":"https:\/\/www.hoymercedes.com.ar\/principal\/wp-json\/wp\/v2\/tags?post=22944"}],"curies":[{"name":"wp","href":"https:\/\/api.w.org\/{rel}","templated":true}]}}