{"id":2295,"date":"2011-02-19T02:46:40","date_gmt":"2011-02-19T02:46:40","guid":{"rendered":"http:\/\/www.hoymercedes.com.ar\/principal\/?p=2295"},"modified":"2011-02-19T02:46:40","modified_gmt":"2011-02-19T02:46:40","slug":"el-consejo-municipal-de-discapacidad","status":"publish","type":"post","link":"https:\/\/www.hoymercedes.com.ar\/principal\/2011\/02\/19\/el-consejo-municipal-de-discapacidad\/","title":{"rendered":"El Consejo Municipal de Discapacidad"},"content":{"rendered":"<p>En\u00a0 las \u00faltimas horas la Coordinadora del Consejo Municipal\u00a0 de Discapacidad, Leonor Ocampo se refiri\u00f3 al rol que dicha \u00e1rea del gobierno comunal concretar\u00e1 a lo largo del presente a\u00f1o. Precis\u00f3 \u00abnuestra tarea ser\u00e1 la de dar todo el apoyo necesario a aquellas personas que sufran alguna discapacidad y para ello el se\u00f1or Intendente que es el presidente natural del Consejo nos ha cedido parte de las instalaciones del Instituto Mart\u00edn Rpdr{iguez para poder contar con nuestra sede propia. Se trata de la oficina que hasta antes de su retiro de nuestra ciudad utilizaba la filial de la Cruz Roja Argen<\/p>\n<p>tina. Nosotros estamos con la colaboraci\u00f3n de\u00a0 los integrantes de una de las Cooperativas de Trabajo que se formaron en la ciudad remodelando el localpara adptarlo a las verdaderas necesidades de personas con discapacidades, entre ellas por ejemplo contar con averturas amplias que permitan entrar y salir en silla de rueda, los ba\u00f1os especialmente adecuados par a personas discapacitadas, el sistem,a braile siempre al alcance de alg\u00fan ciego o disminuido visual, etc.<\/p>\n<p>Por otra parte ya estamos trabajando en interesantes propuestas que si todo sale bien estaremos concretando a lo largo del a\u00f1o por eso cada vez que viajo a alguna otra localiad dentro o fuera de la provincia de Buenos Aires trato de conectarme con entidades similares a la nuestra para ver que tienen ellos y como se manejar y asi si llega a ser necesario implementar en nuestra ciudad lo m\u00e9todos que ellos aplica.<\/p>\n<p>Dentro de muy pocos d\u00edas vamos a estar participando en un torneo deajedr\u00e9z conlapresencia de grupos de personas con discapacidades de diferentes patolog\u00edas y paa este a\u00f1o tenemos prevista la realizaci\u00f3n de un censo en todo el Partido parca conocer realmente donde estamos parados, cuando s discapacitados tenemos y que tipoo de discapaciadades sufre<\/p>\n","protected":false},"excerpt":{"rendered":"<p>En\u00a0 las \u00faltimas horas la Coordinadora del Consejo Municipal\u00a0 de Discapacidad, Leonor Ocampo se refiri\u00f3 al rol que dicha \u00e1rea &#8230; <a title=\"El Consejo Municipal de Discapacidad\" class=\"read-more\" href=\"https:\/\/www.hoymercedes.com.ar\/principal\/2011\/02\/19\/el-consejo-municipal-de-discapacidad\/\" aria-label=\"Leer m\u00e1s sobre El Consejo Municipal de Discapacidad\">Leer m\u00e1s<\/a><\/p>\n","protected":false},"author":1,"featured_media":0,"comment_status":"open","ping_status":"open","sticky":false,"template":"","format":"standard","meta":{"_monsterinsights_skip_tracking":false,"_monsterinsights_sitenote_active":false,"_monsterinsights_sitenote_note":"","_monsterinsights_sitenote_category":0,"jetpack_post_was_ever_published":false,"_jetpack_newsletter_access":"","_jetpack_dont_email_post_to_subs":false,"_jetpack_newsletter_tier_id":0,"_jetpack_memberships_contains_paywalled_content":false,"_jetpack_memberships_contains_paid_content":false,"footnotes":"","jetpack_publicize_message":"","jetpack_publicize_feature_enabled":true,"jetpack_social_post_already_shared":false,"jetpack_social_options":{"image_generator_settings":{"template":"highway","default_image_id":0,"font":"","enabled":false},"version":2},"_wpas_customize_per_network":false},"categories":[1],"tags":[],"class_list":["post-2295","post","type-post","status-publish","format-standard","hentry","category-opinion","generate-columns","tablet-grid-50","mobile-grid-100","grid-parent","grid-50"],"jetpack_publicize_connections":[],"jetpack_featured_media_url":"","wps_subtitle":"","jetpack_sharing_enabled":true,"_links":{"self":[{"href":"https:\/\/www.hoymercedes.com.ar\/principal\/wp-json\/wp\/v2\/posts\/2295","targetHints":{"allow":["GET"]}}],"collection":[{"href":"https:\/\/www.hoymercedes.com.ar\/principal\/wp-json\/wp\/v2\/posts"}],"about":[{"href":"https:\/\/www.hoymercedes.com.ar\/principal\/wp-json\/wp\/v2\/types\/post"}],"author":[{"embeddable":true,"href":"https:\/\/www.hoymercedes.com.ar\/principal\/wp-json\/wp\/v2\/users\/1"}],"replies":[{"embeddable":true,"href":"https:\/\/www.hoymercedes.com.ar\/principal\/wp-json\/wp\/v2\/comments?post=2295"}],"version-history":[{"count":0,"href":"https:\/\/www.hoymercedes.com.ar\/principal\/wp-json\/wp\/v2\/posts\/2295\/revisions"}],"wp:attachment":[{"href":"https:\/\/www.hoymercedes.com.ar\/principal\/wp-json\/wp\/v2\/media?parent=2295"}],"wp:term":[{"taxonomy":"category","embeddable":true,"href":"https:\/\/www.hoymercedes.com.ar\/principal\/wp-json\/wp\/v2\/categories?post=2295"},{"taxonomy":"post_tag","embeddable":true,"href":"https:\/\/www.hoymercedes.com.ar\/principal\/wp-json\/wp\/v2\/tags?post=2295"}],"curies":[{"name":"wp","href":"https:\/\/api.w.org\/{rel}","templated":true}]}}