{"id":2299,"date":"2011-02-19T03:25:58","date_gmt":"2011-02-19T03:25:58","guid":{"rendered":"http:\/\/www.hoymercedes.com.ar\/principal\/?p=2299"},"modified":"2011-02-19T03:25:58","modified_gmt":"2011-02-19T03:25:58","slug":"este-martes-se-reune-el-concejo-deliberante","status":"publish","type":"post","link":"https:\/\/www.hoymercedes.com.ar\/principal\/2011\/02\/19\/este-martes-se-reune-el-concejo-deliberante\/","title":{"rendered":"Este martes se re\u00fane el Concejo Deliberante"},"content":{"rendered":"<p>El martes 22 realizar\u00e1 el Concejo Deliberante de nuestra ciudad una sesi\u00f3n Extraordinaria, en realidad la primera del corriente a\u00f1o, tras el receso establecido el pasado 30 de noviembre y en el orden del d\u00eda que en las \u00faltimas horas fue entregado\u00a0\u00a0\u00a0\u00a0\u00a0\u00a0\u00a0\u00a0\u00a0\u00a0\u00a0\u00a0\u00a0\u00a0\u00a0\u00a0\u00a0\u00a0\u00a0\u00a0 desde laSecretar\u00eda del Cuerpo son ciento noventa y seis las fojas que contiene, siendo carenta y tres relacionads con proyectos presentados por los diferentes bloques y desde el Departamento Ejecutivo por lo cual se estima que se tratar\u00e1 de unaprolongada reuni\u00f3n m\u00e1s all\u00e1 de que algunos ediles sostengan que hay muchos temas que pasar\u00e1n directamente a comisi\u00f3n para su an\u00e1lisis o bien al archivo porque ya han perdido vigencia.<\/p>\n<p>Entre los proyectos de ordenanzas sobresalen los presentados por el bloque de Uni\u00f3nPro buscando la realizaci\u00f3n de una experiencia piloto en una plaza p+ublica de reempalazar los actuales focos de las luminarias existentes, que son de mercurio o de sodio por lls nuevas l\u00e1mparas conocidas con el nombre de LEDs que seg\u00fan adelantaro reduce el consumo en algo m\u00e1s del cincuenta por ciento.<\/p>\n<p>Tambi\u00e9n Uni\u00f3n Pro ha propuesto que se coloque una cantidad mas importante de cestos contenedores de residuos en Plaza San Jos\u00e9 teniendo en cuenta que se\u00a0 trata de un lugar muy concurrido debido a la cantidad de personas que casi a diario concurren a la Unidad 5 para visitar a familiares all\u00ed alojados generando una significativa \u00a0 \u00a0 \u00a0 \u00a0 \u00a0 \u00a0 \u00a0 \u00a0 \u00a0 \u00a0 \u00a0 \u00a0 \u00a0 \u00a0 \u00a0 \u00a0 \u00a0 \u00a0\u00a0\u00a0\u00a0\u00a0\u00a0\u00a0\u00a0\u00a0\u00a0 cantidad de residuos producto de la utilizaci\u00f3n de envases, envoltoriaos, bolsas, etc que debido a la ausencia de papeleros o cestos especiales termina desparramados cobre el per\u00edmetro de la Plaza.<\/p>\n<p>Por otra parte el Cuerpo Deliberativo deber\u00e1 convalidad la firma de tres convenisos concretados por el Departamento Ejecutivo con los Ministerio de Justicia y Seguridad, de Asuntos Agrarios, y de Infraestructura de la Provincia para beneficiar a peque\u00f1los productores de leche, mejorar los ingresos de tierra en diferentes barrios de la ciudad y monitoreo integral mediante el sistema de c\u00e1maras por lo cual se coocar\u00e1n una cantidad mayor a las existentes en estos momento.<\/p>\n<p>Pero un tema especial que abordar\u00e1 el Concejo es el proyecto de Ordenanza elevado por el DE por el cual se suspendiendo por 365 d\u00edas (un a\u00f1o) la tramitaci\u00f3n otorgamiento de nuevas habilitaciones para instalar comedores , parrillas y confiter\u00edas en Tom\u00e1s Jofre<\/p>\n","protected":false},"excerpt":{"rendered":"<p>El martes 22 realizar\u00e1 el Concejo Deliberante de nuestra ciudad una sesi\u00f3n Extraordinaria, en realidad la primera del corriente a\u00f1o, &#8230; <a title=\"Este martes se re\u00fane el Concejo Deliberante\" class=\"read-more\" href=\"https:\/\/www.hoymercedes.com.ar\/principal\/2011\/02\/19\/este-martes-se-reune-el-concejo-deliberante\/\" aria-label=\"Leer m\u00e1s sobre Este martes se re\u00fane el Concejo Deliberante\">Leer m\u00e1s<\/a><\/p>\n","protected":false},"author":1,"featured_media":0,"comment_status":"open","ping_status":"open","sticky":false,"template":"","format":"standard","meta":{"_monsterinsights_skip_tracking":false,"_monsterinsights_sitenote_active":false,"_monsterinsights_sitenote_note":"","_monsterinsights_sitenote_category":0,"jetpack_post_was_ever_published":false,"_jetpack_newsletter_access":"","_jetpack_dont_email_post_to_subs":false,"_jetpack_newsletter_tier_id":0,"_jetpack_memberships_contains_paywalled_content":false,"_jetpack_memberships_contains_paid_content":false,"footnotes":"","jetpack_publicize_message":"","jetpack_publicize_feature_enabled":true,"jetpack_social_post_already_shared":false,"jetpack_social_options":{"image_generator_settings":{"template":"highway","default_image_id":0,"font":"","enabled":false},"version":2},"_wpas_customize_per_network":false},"categories":[1],"tags":[],"class_list":["post-2299","post","type-post","status-publish","format-standard","hentry","category-opinion","generate-columns","tablet-grid-50","mobile-grid-100","grid-parent","grid-50"],"jetpack_publicize_connections":[],"jetpack_featured_media_url":"","wps_subtitle":"","jetpack_sharing_enabled":true,"_links":{"self":[{"href":"https:\/\/www.hoymercedes.com.ar\/principal\/wp-json\/wp\/v2\/posts\/2299","targetHints":{"allow":["GET"]}}],"collection":[{"href":"https:\/\/www.hoymercedes.com.ar\/principal\/wp-json\/wp\/v2\/posts"}],"about":[{"href":"https:\/\/www.hoymercedes.com.ar\/principal\/wp-json\/wp\/v2\/types\/post"}],"author":[{"embeddable":true,"href":"https:\/\/www.hoymercedes.com.ar\/principal\/wp-json\/wp\/v2\/users\/1"}],"replies":[{"embeddable":true,"href":"https:\/\/www.hoymercedes.com.ar\/principal\/wp-json\/wp\/v2\/comments?post=2299"}],"version-history":[{"count":0,"href":"https:\/\/www.hoymercedes.com.ar\/principal\/wp-json\/wp\/v2\/posts\/2299\/revisions"}],"wp:attachment":[{"href":"https:\/\/www.hoymercedes.com.ar\/principal\/wp-json\/wp\/v2\/media?parent=2299"}],"wp:term":[{"taxonomy":"category","embeddable":true,"href":"https:\/\/www.hoymercedes.com.ar\/principal\/wp-json\/wp\/v2\/categories?post=2299"},{"taxonomy":"post_tag","embeddable":true,"href":"https:\/\/www.hoymercedes.com.ar\/principal\/wp-json\/wp\/v2\/tags?post=2299"}],"curies":[{"name":"wp","href":"https:\/\/api.w.org\/{rel}","templated":true}]}}