{"id":2302,"date":"2011-02-19T04:18:51","date_gmt":"2011-02-19T04:18:51","guid":{"rendered":"http:\/\/www.hoymercedes.com.ar\/principal\/?p=2302"},"modified":"2011-02-19T04:18:51","modified_gmt":"2011-02-19T04:18:51","slug":"la-agrupacion-leales-a-peron-paso-a-integrar-el-movimiento-mercedino-para-la-victoria","status":"publish","type":"post","link":"https:\/\/www.hoymercedes.com.ar\/principal\/2011\/02\/19\/la-agrupacion-leales-a-peron-paso-a-integrar-el-movimiento-mercedino-para-la-victoria\/","title":{"rendered":"La Agrupaci\u00f3n Leales a Per\u00f3n paso a integrar el Movimiento Mercedino para la Victoria"},"content":{"rendered":"<p>Tal vez la noticia pol\u00edtica m\u00e1s importante de la semana haya sido para algunos la\u00a0 decisi\u00f3n de\u00a0 los responsables de la Agrupaci\u00f3n Justicialista Leales a Peron que comandaban el nieto del ex Intendente Julio C\u00e9sar Gioscio junto al legendario pero aun actiovo Eduardo Cerulli de conocida trayectoria sobre todo en la faz legislativa de nuestra ciudad\u00a0 de sumarse de manera directa al Movimiento Mercedino para la Victoria liderado por Eduardo \u00abWado\u00bb De Pedro y Juan Ignacio Ustarroz.<\/p>\n<p>Recordamos que el contador Perazzo desde hace un tiempo ocupa un lugar dentro del Consejo de la Juventud del Ministerio de Desarrollo Social \u00a0\u00a0 de la Provincia de Buenos Aires y en su momento abandonara las filas de Unidad y Lealtad, la Agrupaci\u00f3n que durante tantos a\u00f1os lider\u00f3 justamente su abuelo debido que la misma hab\u00eda decidido participar dentro del peronismo no Kirchnerista.<\/p>\n<p>La noticia en si no sorprendi\u00f3 a ninguno de los principales dirigentes de la Agrupaci\u00f3n 17 de octubre que tiene como m\u00e1ximo referentes al actual intendente de Merceds Carlos Am\u00e9rico Selva ya que al ser consultados sostuvieron \u00abse ven\u00eda ver desde hace tiemp que dicha uni\u00f3n se podr\u00eda concretar as\u00ed que para nada nos asombra la decisi\u00f3n adoptada por Perazzo y Cerulli.<\/p>\n<p>Por el lado del MMPV sus principales refenetes se mostraron realmente complacidospor la incorporaci\u00f3n especialmente de Pablo Perazzo a quien consideran comoun joven militante con mucha vocaci\u00f3n para actuar en pol\u00edtica y que habia sido un verdadero acierto tanto la decisi\u00f3n de Leales a Peron de incorporarse la MMPV como la de estos de aceptar dicha incorporaci\u00f3n.<\/p>\n","protected":false},"excerpt":{"rendered":"<p>Tal vez la noticia pol\u00edtica m\u00e1s importante de la semana haya sido para algunos la\u00a0 decisi\u00f3n de\u00a0 los responsables de &#8230; <a title=\"La Agrupaci\u00f3n Leales a Per\u00f3n paso a integrar el Movimiento Mercedino para la Victoria\" class=\"read-more\" href=\"https:\/\/www.hoymercedes.com.ar\/principal\/2011\/02\/19\/la-agrupacion-leales-a-peron-paso-a-integrar-el-movimiento-mercedino-para-la-victoria\/\" aria-label=\"Leer m\u00e1s sobre La Agrupaci\u00f3n Leales a Per\u00f3n paso a integrar el Movimiento Mercedino para la Victoria\">Leer m\u00e1s<\/a><\/p>\n","protected":false},"author":1,"featured_media":0,"comment_status":"open","ping_status":"open","sticky":false,"template":"","format":"standard","meta":{"_monsterinsights_skip_tracking":false,"_monsterinsights_sitenote_active":false,"_monsterinsights_sitenote_note":"","_monsterinsights_sitenote_category":0,"jetpack_post_was_ever_published":false,"_jetpack_newsletter_access":"","_jetpack_dont_email_post_to_subs":false,"_jetpack_newsletter_tier_id":0,"_jetpack_memberships_contains_paywalled_content":false,"_jetpack_memberships_contains_paid_content":false,"footnotes":"","jetpack_publicize_message":"","jetpack_publicize_feature_enabled":true,"jetpack_social_post_already_shared":false,"jetpack_social_options":{"image_generator_settings":{"template":"highway","default_image_id":0,"font":"","enabled":false},"version":2},"_wpas_customize_per_network":false},"categories":[1],"tags":[],"class_list":["post-2302","post","type-post","status-publish","format-standard","hentry","category-opinion","generate-columns","tablet-grid-50","mobile-grid-100","grid-parent","grid-50"],"jetpack_publicize_connections":[],"jetpack_featured_media_url":"","wps_subtitle":"","jetpack_sharing_enabled":true,"_links":{"self":[{"href":"https:\/\/www.hoymercedes.com.ar\/principal\/wp-json\/wp\/v2\/posts\/2302","targetHints":{"allow":["GET"]}}],"collection":[{"href":"https:\/\/www.hoymercedes.com.ar\/principal\/wp-json\/wp\/v2\/posts"}],"about":[{"href":"https:\/\/www.hoymercedes.com.ar\/principal\/wp-json\/wp\/v2\/types\/post"}],"author":[{"embeddable":true,"href":"https:\/\/www.hoymercedes.com.ar\/principal\/wp-json\/wp\/v2\/users\/1"}],"replies":[{"embeddable":true,"href":"https:\/\/www.hoymercedes.com.ar\/principal\/wp-json\/wp\/v2\/comments?post=2302"}],"version-history":[{"count":0,"href":"https:\/\/www.hoymercedes.com.ar\/principal\/wp-json\/wp\/v2\/posts\/2302\/revisions"}],"wp:attachment":[{"href":"https:\/\/www.hoymercedes.com.ar\/principal\/wp-json\/wp\/v2\/media?parent=2302"}],"wp:term":[{"taxonomy":"category","embeddable":true,"href":"https:\/\/www.hoymercedes.com.ar\/principal\/wp-json\/wp\/v2\/categories?post=2302"},{"taxonomy":"post_tag","embeddable":true,"href":"https:\/\/www.hoymercedes.com.ar\/principal\/wp-json\/wp\/v2\/tags?post=2302"}],"curies":[{"name":"wp","href":"https:\/\/api.w.org\/{rel}","templated":true}]}}