{"id":2305,"date":"2011-02-20T01:51:45","date_gmt":"2011-02-20T01:51:45","guid":{"rendered":"http:\/\/www.hoymercedes.com.ar\/principal\/?p=2305"},"modified":"2011-02-20T01:51:45","modified_gmt":"2011-02-20T01:51:45","slug":"club-mercedes-y-deportivo-coreano-clasificados","status":"publish","type":"post","link":"https:\/\/www.hoymercedes.com.ar\/principal\/2011\/02\/20\/club-mercedes-y-deportivo-coreano-clasificados\/","title":{"rendered":"Club Mercedes y Deportivo Coreano Clasificados"},"content":{"rendered":"<p>Se complet\u00f3 este sabado la fecha del torneo del interior\u00a0 se hab\u00eda in\u00a0\u00a0\u00a0\u00a0\u00a0\u00a0 iciado el viernes con la contundente victoria de Club Mercedes ante su tradicional rival Velez Sarfield por 8 a 1, aunque hay que decir que los del molino ya hab\u00eda perdido\u00a0 o por sendas ex\u00a0\u00a0\u00a0\u00a0\u00a0\u00a0\u00a0\u00a0\u00a0\u00a0\u00a0\u00a0\u00a0\u00a0\u00a0\u00a0\u00a0\u00a0\u00a0\u00a0\u00a0\u00a0\u00a0\u00a0\u00a0\u00a0\u00a0\u00a0\u00a0\u00a0 \u00a0 \u00a0 expulsiones a dos jugadores al cabo de los primeros y cinco minutospor\u00a0 \u00a0\u00a0\u00a0\u00a0\u00a0 co minutos perdiendo ya por cuatro a cero.<\/p>\n<p>De esta manera el blanquinegro logr\u00f3 la clasificaci\u00f3n mientrs que en Lobos enla tarde del s\u00e1bado el local Deportivo Coreano venci\u00f3 con lo justo\u00a0\u00a0\u00a0\u00a0\u00a0\u00a0\u00a0\u00a0\u00a0\u00a0\u00a0\u00a0\u00a0\u00a0\u00a0\u00a0\u00a0\u00a0\u00a0\u00a0\u00a0\u00a0\u00a0\u00a0\u00a0\u00a0\u00a0\u00a0\u00a0\u00a0\u00a0\u00a0\u00a0\u00a0\u00a0\u00a0\u00a0\u00a0\u00a0\u00a0\u00a0\u00a0\u00a0\u00a0\u00a0\u00a0\u00a0\u00a0\u00a0\u00a0\u00a0\u00a0\u00a0\u00a0\u00a0\u00a0\u00a0\u00a0\u00a0\u00a0 y en el\u00a0 final l El Frnt\u00f3n de San Andr\u00e9s de Giles logrando tambi\u00e9n la clasificaci\u00f3n debiendo ahora definir el primer puestoi con el Club Mercedes. En caso de ganar el domingo Coreano ambis igualar\u00e1n la zon con 13 puntos pero ya definir\u00e1n los goles a favor que cada equipo haya conquistado.<\/p>\n","protected":false},"excerpt":{"rendered":"<p>Se complet\u00f3 este sabado la fecha del torneo del interior\u00a0 se hab\u00eda in\u00a0\u00a0\u00a0\u00a0\u00a0\u00a0 iciado el viernes con la contundente victoria &#8230; <a title=\"Club Mercedes y Deportivo Coreano Clasificados\" class=\"read-more\" href=\"https:\/\/www.hoymercedes.com.ar\/principal\/2011\/02\/20\/club-mercedes-y-deportivo-coreano-clasificados\/\" aria-label=\"Leer m\u00e1s sobre Club Mercedes y Deportivo Coreano Clasificados\">Leer m\u00e1s<\/a><\/p>\n","protected":false},"author":1,"featured_media":0,"comment_status":"open","ping_status":"open","sticky":false,"template":"","format":"standard","meta":{"_monsterinsights_skip_tracking":false,"_monsterinsights_sitenote_active":false,"_monsterinsights_sitenote_note":"","_monsterinsights_sitenote_category":0,"jetpack_post_was_ever_published":false,"_jetpack_newsletter_access":"","_jetpack_dont_email_post_to_subs":false,"_jetpack_newsletter_tier_id":0,"_jetpack_memberships_contains_paywalled_content":false,"_jetpack_memberships_contains_paid_content":false,"footnotes":"","jetpack_publicize_message":"","jetpack_publicize_feature_enabled":true,"jetpack_social_post_already_shared":false,"jetpack_social_options":{"image_generator_settings":{"template":"highway","default_image_id":0,"font":"","enabled":false},"version":2},"_wpas_customize_per_network":false},"categories":[1],"tags":[],"class_list":["post-2305","post","type-post","status-publish","format-standard","hentry","category-opinion","generate-columns","tablet-grid-50","mobile-grid-100","grid-parent","grid-50"],"jetpack_publicize_connections":[],"jetpack_featured_media_url":"","wps_subtitle":"","jetpack_sharing_enabled":true,"_links":{"self":[{"href":"https:\/\/www.hoymercedes.com.ar\/principal\/wp-json\/wp\/v2\/posts\/2305","targetHints":{"allow":["GET"]}}],"collection":[{"href":"https:\/\/www.hoymercedes.com.ar\/principal\/wp-json\/wp\/v2\/posts"}],"about":[{"href":"https:\/\/www.hoymercedes.com.ar\/principal\/wp-json\/wp\/v2\/types\/post"}],"author":[{"embeddable":true,"href":"https:\/\/www.hoymercedes.com.ar\/principal\/wp-json\/wp\/v2\/users\/1"}],"replies":[{"embeddable":true,"href":"https:\/\/www.hoymercedes.com.ar\/principal\/wp-json\/wp\/v2\/comments?post=2305"}],"version-history":[{"count":0,"href":"https:\/\/www.hoymercedes.com.ar\/principal\/wp-json\/wp\/v2\/posts\/2305\/revisions"}],"wp:attachment":[{"href":"https:\/\/www.hoymercedes.com.ar\/principal\/wp-json\/wp\/v2\/media?parent=2305"}],"wp:term":[{"taxonomy":"category","embeddable":true,"href":"https:\/\/www.hoymercedes.com.ar\/principal\/wp-json\/wp\/v2\/categories?post=2305"},{"taxonomy":"post_tag","embeddable":true,"href":"https:\/\/www.hoymercedes.com.ar\/principal\/wp-json\/wp\/v2\/tags?post=2305"}],"curies":[{"name":"wp","href":"https:\/\/api.w.org\/{rel}","templated":true}]}}