{"id":23089,"date":"2013-06-21T18:57:34","date_gmt":"2013-06-21T18:57:34","guid":{"rendered":"http:\/\/www.hoymercedes.com.ar\/principal\/?p=23089"},"modified":"2013-06-21T18:57:34","modified_gmt":"2013-06-21T18:57:34","slug":"ustarroz-seria-finalmente-el-candidato-del-frente","status":"publish","type":"post","link":"https:\/\/www.hoymercedes.com.ar\/principal\/2013\/06\/21\/ustarroz-seria-finalmente-el-candidato-del-frente\/","title":{"rendered":"Ustarroz ser\u00eda finalmente el candidato del Frente"},"content":{"rendered":"<p>Tras innumerables versiones Juan Ignacio Ustarroz encabezar\u00eda la lista de concejales por el Frente Mercedino para la Victoria. A diferencia de otras fuerzas, este espacio pol\u00edtico tiene m\u00e1s plazo dado que se dirime internamente el lista y no es parte de una alianza o Frente.<\/p>\n<p>Se especul\u00f3 en las \u00faltimas jornadas si ser\u00eda o no Ustarroz el primer candidato pensando que podr\u00eda ser Fito Pr\u00edncipi quien lleve el estandarte principal, sin embargo, en las charlas de las \u00faltimas horas se otea Juan Ustarroz encabezar\u00eda y lo que se est\u00e1 es trabajando en la integraci\u00f3n final de la lista que el s\u00e1bado por la ma\u00f1ana ser\u00e1 llevada a Capital Federal con los nombres finales que competir\u00e1n por una banca en el Cuerpo Deliberativo y en el Consejo Escolar.<\/p>\n<p>&nbsp;<\/p>\n","protected":false},"excerpt":{"rendered":"<p>Tras innumerables versiones Juan Ignacio Ustarroz encabezar\u00eda la lista de concejales por el Frente Mercedino para la Victoria. A diferencia &#8230; <a title=\"Ustarroz ser\u00eda finalmente el candidato del Frente\" class=\"read-more\" href=\"https:\/\/www.hoymercedes.com.ar\/principal\/2013\/06\/21\/ustarroz-seria-finalmente-el-candidato-del-frente\/\" aria-label=\"Leer m\u00e1s sobre Ustarroz ser\u00eda finalmente el candidato del Frente\">Leer m\u00e1s<\/a><\/p>\n","protected":false},"author":1,"featured_media":0,"comment_status":"open","ping_status":"open","sticky":false,"template":"","format":"standard","meta":{"_monsterinsights_skip_tracking":false,"_monsterinsights_sitenote_active":false,"_monsterinsights_sitenote_note":"","_monsterinsights_sitenote_category":0,"jetpack_post_was_ever_published":false,"_jetpack_newsletter_access":"","_jetpack_dont_email_post_to_subs":false,"_jetpack_newsletter_tier_id":0,"_jetpack_memberships_contains_paywalled_content":false,"_jetpack_memberships_contains_paid_content":false,"footnotes":"","jetpack_publicize_message":"","jetpack_publicize_feature_enabled":true,"jetpack_social_post_already_shared":true,"jetpack_social_options":{"image_generator_settings":{"template":"highway","default_image_id":0,"font":"","enabled":false},"version":2},"_wpas_customize_per_network":false},"categories":[5],"tags":[585],"class_list":["post-23089","post","type-post","status-publish","format-standard","hentry","category-politica","tag-juan-ustarroz","generate-columns","tablet-grid-50","mobile-grid-100","grid-parent","grid-50"],"jetpack_publicize_connections":[],"jetpack_featured_media_url":"","wps_subtitle":"","jetpack_sharing_enabled":true,"_links":{"self":[{"href":"https:\/\/www.hoymercedes.com.ar\/principal\/wp-json\/wp\/v2\/posts\/23089","targetHints":{"allow":["GET"]}}],"collection":[{"href":"https:\/\/www.hoymercedes.com.ar\/principal\/wp-json\/wp\/v2\/posts"}],"about":[{"href":"https:\/\/www.hoymercedes.com.ar\/principal\/wp-json\/wp\/v2\/types\/post"}],"author":[{"embeddable":true,"href":"https:\/\/www.hoymercedes.com.ar\/principal\/wp-json\/wp\/v2\/users\/1"}],"replies":[{"embeddable":true,"href":"https:\/\/www.hoymercedes.com.ar\/principal\/wp-json\/wp\/v2\/comments?post=23089"}],"version-history":[{"count":0,"href":"https:\/\/www.hoymercedes.com.ar\/principal\/wp-json\/wp\/v2\/posts\/23089\/revisions"}],"wp:attachment":[{"href":"https:\/\/www.hoymercedes.com.ar\/principal\/wp-json\/wp\/v2\/media?parent=23089"}],"wp:term":[{"taxonomy":"category","embeddable":true,"href":"https:\/\/www.hoymercedes.com.ar\/principal\/wp-json\/wp\/v2\/categories?post=23089"},{"taxonomy":"post_tag","embeddable":true,"href":"https:\/\/www.hoymercedes.com.ar\/principal\/wp-json\/wp\/v2\/tags?post=23089"}],"curies":[{"name":"wp","href":"https:\/\/api.w.org\/{rel}","templated":true}]}}