{"id":23098,"date":"2013-06-22T21:02:36","date_gmt":"2013-06-22T21:02:36","guid":{"rendered":"http:\/\/www.hoymercedes.com.ar\/principal\/?p=23098"},"modified":"2013-06-22T21:03:53","modified_gmt":"2013-06-22T21:03:53","slug":"ustarroz-y-preniture-encabezan-lista-del-frente-mercedino-para-la-victoria","status":"publish","type":"post","link":"https:\/\/www.hoymercedes.com.ar\/principal\/2013\/06\/22\/ustarroz-y-preniture-encabezan-lista-del-frente-mercedino-para-la-victoria\/","title":{"rendered":"Ustarroz y Prenitune encabezan lista del Frente Mercedino para la Victoria"},"content":{"rendered":"<p><em><strong>El Frente Mercedino par la Victoria dio a conocer la lista de candidato a concejales. Se confirma la versi\u00f3n de las \u00faltimas horas de que Juan Ustarroz encabezar\u00e1 la lista.<\/strong><\/em><\/p>\n<p>La lista est\u00e1 compuesta con referentes de diversas \u00e1reas e instituciones que buscar\u00e1n obtener un buen resultado en las pr\u00f3ximas elecciones y colocar, l\u00f3gicamente, la mayor cantidad de representantes en el Concejo Deliberante. En el caso del puesto n\u00famero dos se trata de una ex funcionaria selvista ya que se trata de la esposa de Mart\u00ecn Zubeld\u00eda, recientemente alejado del selvismo.<\/p>\n<p><strong>La lista es la siguiente:<\/strong><\/p>\n<p>1 &#8211; Juan Ignacio Ustarroz<\/p>\n<p>2 &#8211; Patricia Prenitune<\/p>\n<p>3 &#8211; Mat\u00edas Dematei<\/p>\n<p>4 &#8211; C\u00e9sar Salazar<\/p>\n<p>6 &#8211; Mariana San Mart\u00edn<\/p>\n<p>6 &#8211; Daniel Bojorge<\/p>\n<p>7 &#8211; Diego Siley<\/p>\n<p>8 &#8211; Leandro Valerga<\/p>\n<p>9 &#8211; Marcela Brown<\/p>\n<p><strong>A Consejeros Escolares:<\/strong><\/p>\n<p>1 &#8211; Sergio Carini<\/p>\n<p>2 &#8211; Silvina Blanco<\/p>\n<p>3 &#8211; Federico Belzunces<\/p>\n<p>&nbsp;<\/p>\n","protected":false},"excerpt":{"rendered":"<p>El Frente Mercedino par la Victoria dio a conocer la lista de candidato a concejales. Se confirma la versi\u00f3n de &#8230; <a title=\"Ustarroz y Prenitune encabezan lista del Frente Mercedino para la Victoria\" class=\"read-more\" href=\"https:\/\/www.hoymercedes.com.ar\/principal\/2013\/06\/22\/ustarroz-y-preniture-encabezan-lista-del-frente-mercedino-para-la-victoria\/\" aria-label=\"Leer m\u00e1s sobre Ustarroz y Prenitune encabezan lista del Frente Mercedino para la Victoria\">Leer m\u00e1s<\/a><\/p>\n","protected":false},"author":1,"featured_media":0,"comment_status":"open","ping_status":"open","sticky":false,"template":"","format":"standard","meta":{"_monsterinsights_skip_tracking":false,"_monsterinsights_sitenote_active":false,"_monsterinsights_sitenote_note":"","_monsterinsights_sitenote_category":0,"jetpack_post_was_ever_published":false,"_jetpack_newsletter_access":"","_jetpack_dont_email_post_to_subs":false,"_jetpack_newsletter_tier_id":0,"_jetpack_memberships_contains_paywalled_content":false,"_jetpack_memberships_contains_paid_content":false,"footnotes":"","jetpack_publicize_message":"","jetpack_publicize_feature_enabled":true,"jetpack_social_post_already_shared":true,"jetpack_social_options":{"image_generator_settings":{"template":"highway","default_image_id":0,"font":"","enabled":false},"version":2},"_wpas_customize_per_network":false},"categories":[5],"tags":[3564,424,19],"class_list":["post-23098","post","type-post","status-publish","format-standard","hentry","category-politica","tag-preniture","tag-ustarroz","tag-zubeldia","generate-columns","tablet-grid-50","mobile-grid-100","grid-parent","grid-50"],"jetpack_publicize_connections":[],"jetpack_featured_media_url":"","wps_subtitle":"","jetpack_sharing_enabled":true,"_links":{"self":[{"href":"https:\/\/www.hoymercedes.com.ar\/principal\/wp-json\/wp\/v2\/posts\/23098","targetHints":{"allow":["GET"]}}],"collection":[{"href":"https:\/\/www.hoymercedes.com.ar\/principal\/wp-json\/wp\/v2\/posts"}],"about":[{"href":"https:\/\/www.hoymercedes.com.ar\/principal\/wp-json\/wp\/v2\/types\/post"}],"author":[{"embeddable":true,"href":"https:\/\/www.hoymercedes.com.ar\/principal\/wp-json\/wp\/v2\/users\/1"}],"replies":[{"embeddable":true,"href":"https:\/\/www.hoymercedes.com.ar\/principal\/wp-json\/wp\/v2\/comments?post=23098"}],"version-history":[{"count":0,"href":"https:\/\/www.hoymercedes.com.ar\/principal\/wp-json\/wp\/v2\/posts\/23098\/revisions"}],"wp:attachment":[{"href":"https:\/\/www.hoymercedes.com.ar\/principal\/wp-json\/wp\/v2\/media?parent=23098"}],"wp:term":[{"taxonomy":"category","embeddable":true,"href":"https:\/\/www.hoymercedes.com.ar\/principal\/wp-json\/wp\/v2\/categories?post=23098"},{"taxonomy":"post_tag","embeddable":true,"href":"https:\/\/www.hoymercedes.com.ar\/principal\/wp-json\/wp\/v2\/tags?post=23098"}],"curies":[{"name":"wp","href":"https:\/\/api.w.org\/{rel}","templated":true}]}}