{"id":23107,"date":"2013-06-22T23:57:31","date_gmt":"2013-06-22T23:57:31","guid":{"rendered":"http:\/\/www.hoymercedes.com.ar\/principal\/?p=23107"},"modified":"2013-06-22T23:57:31","modified_gmt":"2013-06-22T23:57:31","slug":"pablo-demarco-sera-candidato-por-el-frente-de-izquierda","status":"publish","type":"post","link":"https:\/\/www.hoymercedes.com.ar\/principal\/2013\/06\/22\/pablo-demarco-sera-candidato-por-el-frente-de-izquierda\/","title":{"rendered":"Pablo Demarco ser\u00e1 candidato por el \u00abFrente de Izquierda\u00bb"},"content":{"rendered":"<p>El Frente de Izquierda ser\u00e1 parte de las pr\u00f3ximas elecciones con Pablo Demarco encabezando la lista a concejales. Esta fuerza llevar\u00e1 a nivel nacional al dirigente del Partido Obrero N\u00e9stor Pitrola.<\/p>\n<p>La lista que buscar\u00e1 tener representaci\u00f3n en el Concejo Deliberante y en el Consejo Escolar est\u00e1 encabezada por el conocido dirigente Pablo Demarco acompa\u00f1ado por el docente y periodista Walter Altavista en segundo t\u00e9rmino.<\/p>\n<p>La lista \u00a0a Concejales es la siguiente:<\/p>\n<p>Pablo Demarco<\/p>\n<p>Walter Altavista<\/p>\n<p>Patricia Bojorge<\/p>\n<p>Julio Sena<\/p>\n<p>Maria Maldonado<\/p>\n<p>Walter Andrade<\/p>\n<p><strong>Al consejo escolar:<\/strong><\/p>\n<p>Sergio Resquin<\/p>\n<p>Silvina Farias<\/p>\n<p align=\"center\">\n","protected":false},"excerpt":{"rendered":"<p>El Frente de Izquierda ser\u00e1 parte de las pr\u00f3ximas elecciones con Pablo Demarco encabezando la lista a concejales. Esta fuerza &#8230; <a title=\"Pablo Demarco ser\u00e1 candidato por el \u00abFrente de Izquierda\u00bb\" class=\"read-more\" href=\"https:\/\/www.hoymercedes.com.ar\/principal\/2013\/06\/22\/pablo-demarco-sera-candidato-por-el-frente-de-izquierda\/\" aria-label=\"Leer m\u00e1s sobre Pablo Demarco ser\u00e1 candidato por el \u00abFrente de Izquierda\u00bb\">Leer m\u00e1s<\/a><\/p>\n","protected":false},"author":1,"featured_media":0,"comment_status":"open","ping_status":"open","sticky":false,"template":"","format":"standard","meta":{"_monsterinsights_skip_tracking":false,"_monsterinsights_sitenote_active":false,"_monsterinsights_sitenote_note":"","_monsterinsights_sitenote_category":0,"jetpack_post_was_ever_published":false,"_jetpack_newsletter_access":"","_jetpack_dont_email_post_to_subs":false,"_jetpack_newsletter_tier_id":0,"_jetpack_memberships_contains_paywalled_content":false,"_jetpack_memberships_contains_paid_content":false,"footnotes":"","jetpack_publicize_message":"","jetpack_publicize_feature_enabled":true,"jetpack_social_post_already_shared":true,"jetpack_social_options":{"image_generator_settings":{"template":"highway","default_image_id":0,"font":"","enabled":false},"version":2},"_wpas_customize_per_network":false},"categories":[5],"tags":[3572,3573,3395,1322,3574,2583],"class_list":["post-23107","post","type-post","status-publish","format-standard","hentry","category-politica","tag-frente-de-izquierda-mercedes","tag-julio-sena","tag-pablo-demarco","tag-partido-obrero-mercedes","tag-patricia-bojorge","tag-walter-altavista","generate-columns","tablet-grid-50","mobile-grid-100","grid-parent","grid-50"],"jetpack_publicize_connections":[],"jetpack_featured_media_url":"","wps_subtitle":"","jetpack_sharing_enabled":true,"_links":{"self":[{"href":"https:\/\/www.hoymercedes.com.ar\/principal\/wp-json\/wp\/v2\/posts\/23107","targetHints":{"allow":["GET"]}}],"collection":[{"href":"https:\/\/www.hoymercedes.com.ar\/principal\/wp-json\/wp\/v2\/posts"}],"about":[{"href":"https:\/\/www.hoymercedes.com.ar\/principal\/wp-json\/wp\/v2\/types\/post"}],"author":[{"embeddable":true,"href":"https:\/\/www.hoymercedes.com.ar\/principal\/wp-json\/wp\/v2\/users\/1"}],"replies":[{"embeddable":true,"href":"https:\/\/www.hoymercedes.com.ar\/principal\/wp-json\/wp\/v2\/comments?post=23107"}],"version-history":[{"count":0,"href":"https:\/\/www.hoymercedes.com.ar\/principal\/wp-json\/wp\/v2\/posts\/23107\/revisions"}],"wp:attachment":[{"href":"https:\/\/www.hoymercedes.com.ar\/principal\/wp-json\/wp\/v2\/media?parent=23107"}],"wp:term":[{"taxonomy":"category","embeddable":true,"href":"https:\/\/www.hoymercedes.com.ar\/principal\/wp-json\/wp\/v2\/categories?post=23107"},{"taxonomy":"post_tag","embeddable":true,"href":"https:\/\/www.hoymercedes.com.ar\/principal\/wp-json\/wp\/v2\/tags?post=23107"}],"curies":[{"name":"wp","href":"https:\/\/api.w.org\/{rel}","templated":true}]}}