{"id":23227,"date":"2013-06-28T02:12:28","date_gmt":"2013-06-28T02:12:28","guid":{"rendered":"http:\/\/www.hoymercedes.com.ar\/principal\/?p=23227"},"modified":"2013-06-28T02:12:28","modified_gmt":"2013-06-28T02:12:28","slug":"frente-mercedino-presento-formalmente-sus-candidatos-a-concejal-y-consejeros-escolares","status":"publish","type":"post","link":"https:\/\/www.hoymercedes.com.ar\/principal\/2013\/06\/28\/frente-mercedino-presento-formalmente-sus-candidatos-a-concejal-y-consejeros-escolares\/","title":{"rendered":"Frente Mercedino present\u00f3 formalmente sus candidatos a Concejal y Consejeros Escolares"},"content":{"rendered":"<p><a href=\"https:\/\/www.hoymercedes.com.ar\/principal\/wp-content\/uploads\/2013\/06\/frentemercedino-candidatos.jpg\"><img loading=\"lazy\" decoding=\"async\" data-attachment-id=\"23229\" data-permalink=\"https:\/\/www.hoymercedes.com.ar\/principal\/2013\/06\/28\/frente-mercedino-presento-formalmente-sus-candidatos-a-concejal-y-consejeros-escolares\/attachment\/23229\/#main\" data-orig-file=\"https:\/\/www.hoymercedes.com.ar\/principal\/wp-content\/uploads\/2013\/06\/frentemercedino-candidatos.jpg\" data-orig-size=\"620,354\" data-comments-opened=\"1\" data-image-meta=\"{&quot;aperture&quot;:&quot;2.8&quot;,&quot;credit&quot;:&quot;&quot;,&quot;camera&quot;:&quot;&lt;Digimax S500 \/ Kenox S500 \/ Digimax Cyber 530&gt;&quot;,&quot;caption&quot;:&quot;&quot;,&quot;created_timestamp&quot;:&quot;1156731696&quot;,&quot;copyright&quot;:&quot;COPYRIGHT, 2006&quot;,&quot;focal_length&quot;:&quot;5.8&quot;,&quot;iso&quot;:&quot;173&quot;,&quot;shutter_speed&quot;:&quot;0.022222222222222&quot;,&quot;title&quot;:&quot;&lt;Digimax S500 \/ Kenox S500 \/ Digimax Cyber 530&gt;&quot;}\" data-image-title=\"Frente Mercedino \" data-image-description=\"\" data-image-caption=\"\" data-large-file=\"https:\/\/www.hoymercedes.com.ar\/principal\/wp-content\/uploads\/2013\/06\/frentemercedino-candidatos.jpg\" class=\"aligncenter size-full wp-image-23229\" alt=\"Frente Mercedino \" src=\"https:\/\/www.hoymercedes.com.ar\/principal\/wp-content\/uploads\/2013\/06\/frentemercedino-candidatos.jpg\" width=\"620\" height=\"354\" \/><\/a><\/p>\n<p><em><strong>La fuerza pol\u00edtica que llevar\u00e1 como primer candidato a concejal a Juan Ustarroz tuvo un encuentro en su sede partidaria donde presentaron formalmente a sus candidatos.<\/strong><\/em><\/p>\n<p>Desde la agrupaci\u00f3n pol\u00edtica sostienen que: <em>\u00abJuan Ignacio Ustarroz se mostr\u00f3 \u201corgulloso\u201d de los integrantes de la lista de candidatos a concejales y a consejeros escolares para las elecciones de este a\u00f1o calific\u00e1ndolos de \u201csobre todo buena gente, con ganas de trabajar y que entienden la pol\u00edtica solamente con vocaci\u00f3n de servicio, como una herramienta para ayudar y llegar a todos los vecinos\u201d.<\/em><\/p>\n<p>En el encuentro fue Ustarroz qui\u00e9n present\u00f3 en un acto considerado \u00abinformal\u00bb a los integrantes de la lista a la militancia frentista.<\/p>\n<p>\u201cAntes que nada quiero decir que fue muy dif\u00edcil armar la lista, porque por fortuna hay much\u00edsima gente valiosa en nuestro espacio pol\u00edtico. Pero hab\u00eda que decidir y finalmente tenemos esta lista, que nos pone orgullosos, porque toda la gente que la integra son buenas personas y con much\u00edsimas ganas de trabajar para Mercedes\u201d, afirm\u00f3 el primer candidato frentista.<\/p>\n<p>Luego, Ustarroz fue presentando uno a uno a los candidatos a concejales que lo acompa\u00f1an en la lista: Patricia Prenitune, Mat\u00edas Demattei, C\u00e9sar Salazar, Mariana San Mart\u00edn, Daniel Bojorge, Diego Ciley, Leandro Valerga y Marcela Brown, los titulares; y tambi\u00e9n los suplentes, entre ellos Hugo Paganino, Juana Garc\u00eda y el ciclista Dar\u00edo Oliva.<\/p>\n<p>La fuerza afirm\u00f3 que se trat\u00f3 de un encuentro con: <em>\u00abun marco de alegr\u00eda y emoci\u00f3n donde todos coincidieron en agradecer la oportunidad de formar parte de la lista y se llevaron calurosos aplausos, mientras \u2018Juani\u2019 sintetiz\u00f3 la idea del Frente Mercedino en la figura de Oliva: \u201cSu llegada simboliza nuestra apertura, nuestra b\u00fasqueda, porque sin importar diferencias ni el \u00e1mbito de procedencia, lo que queremos es gente buena, apreciada por todos los vecinos y con ganas de trabajar\u201d.<\/em><\/p>\n<p>Tambi\u00e9n hubo espacio para un breve discurso de los candidatos a consejeros escolares (encabezados por Sergio Carini y Silvina Blanco); para unas sentidas palabras de Eduardo Cerulli en nombre de todas las agrupaciones que forman parte del Frente Mercedino para la Victoria; y para un discurso final del concejal Juan Pablo L\u00f3pez Baggio, que llam\u00f3 <em>\u201ca todos los militantes a seguir trabajando como hasta ahora\u201d<\/em>.<\/p>\n<p>En los pr\u00f3ximos d\u00edas, Ustarroz anunciar\u00e1 la fecha del lanzamiento formal de la lista del FMpV.<\/p>\n","protected":false},"excerpt":{"rendered":"<p>La fuerza pol\u00edtica que llevar\u00e1 como primer candidato a concejal a Juan Ustarroz tuvo un encuentro en su sede partidaria &#8230; <a title=\"Frente Mercedino present\u00f3 formalmente sus candidatos a Concejal y Consejeros Escolares\" class=\"read-more\" href=\"https:\/\/www.hoymercedes.com.ar\/principal\/2013\/06\/28\/frente-mercedino-presento-formalmente-sus-candidatos-a-concejal-y-consejeros-escolares\/\" aria-label=\"Leer m\u00e1s sobre Frente Mercedino present\u00f3 formalmente sus candidatos a Concejal y Consejeros Escolares\">Leer m\u00e1s<\/a><\/p>\n","protected":false},"author":1,"featured_media":0,"comment_status":"open","ping_status":"open","sticky":false,"template":"","format":"standard","meta":{"_monsterinsights_skip_tracking":false,"_monsterinsights_sitenote_active":false,"_monsterinsights_sitenote_note":"","_monsterinsights_sitenote_category":0,"jetpack_post_was_ever_published":false,"_jetpack_newsletter_access":"","_jetpack_dont_email_post_to_subs":false,"_jetpack_newsletter_tier_id":0,"_jetpack_memberships_contains_paywalled_content":false,"_jetpack_memberships_contains_paid_content":false,"footnotes":"","jetpack_publicize_message":"","jetpack_publicize_feature_enabled":true,"jetpack_social_post_already_shared":true,"jetpack_social_options":{"image_generator_settings":{"template":"highway","default_image_id":0,"font":"","enabled":false},"version":2},"_wpas_customize_per_network":false},"categories":[5],"tags":[1007,585],"class_list":["post-23227","post","type-post","status-publish","format-standard","hentry","category-politica","tag-frente-mercedino","tag-juan-ustarroz","generate-columns","tablet-grid-50","mobile-grid-100","grid-parent","grid-50"],"jetpack_publicize_connections":[],"jetpack_featured_media_url":"","wps_subtitle":"","jetpack_sharing_enabled":true,"_links":{"self":[{"href":"https:\/\/www.hoymercedes.com.ar\/principal\/wp-json\/wp\/v2\/posts\/23227","targetHints":{"allow":["GET"]}}],"collection":[{"href":"https:\/\/www.hoymercedes.com.ar\/principal\/wp-json\/wp\/v2\/posts"}],"about":[{"href":"https:\/\/www.hoymercedes.com.ar\/principal\/wp-json\/wp\/v2\/types\/post"}],"author":[{"embeddable":true,"href":"https:\/\/www.hoymercedes.com.ar\/principal\/wp-json\/wp\/v2\/users\/1"}],"replies":[{"embeddable":true,"href":"https:\/\/www.hoymercedes.com.ar\/principal\/wp-json\/wp\/v2\/comments?post=23227"}],"version-history":[{"count":0,"href":"https:\/\/www.hoymercedes.com.ar\/principal\/wp-json\/wp\/v2\/posts\/23227\/revisions"}],"wp:attachment":[{"href":"https:\/\/www.hoymercedes.com.ar\/principal\/wp-json\/wp\/v2\/media?parent=23227"}],"wp:term":[{"taxonomy":"category","embeddable":true,"href":"https:\/\/www.hoymercedes.com.ar\/principal\/wp-json\/wp\/v2\/categories?post=23227"},{"taxonomy":"post_tag","embeddable":true,"href":"https:\/\/www.hoymercedes.com.ar\/principal\/wp-json\/wp\/v2\/tags?post=23227"}],"curies":[{"name":"wp","href":"https:\/\/api.w.org\/{rel}","templated":true}]}}