{"id":23250,"date":"2013-06-29T20:05:18","date_gmt":"2013-06-29T20:05:18","guid":{"rendered":"http:\/\/www.hoymercedes.com.ar\/principal\/?p=23250"},"modified":"2013-06-29T20:05:18","modified_gmt":"2013-06-29T20:05:18","slug":"fmpv-desarrollo-actividades-barriales-en-la-amistad-y-soldado-balvidares","status":"publish","type":"post","link":"https:\/\/www.hoymercedes.com.ar\/principal\/2013\/06\/29\/fmpv-desarrollo-actividades-barriales-en-la-amistad-y-soldado-balvidares\/","title":{"rendered":"FMPV desarroll\u00f3 actividades barriales en \u00abLa Amistad\u00bb y \u00abSoldado Balvidares\u00bb"},"content":{"rendered":"<p><a href=\"https:\/\/www.hoymercedes.com.ar\/principal\/wp-content\/uploads\/2013\/06\/barrilaamistad.jpg\"><img loading=\"lazy\" decoding=\"async\" data-attachment-id=\"23252\" data-permalink=\"https:\/\/www.hoymercedes.com.ar\/principal\/2013\/06\/29\/fmpv-desarrollo-actividades-barriales-en-la-amistad-y-soldado-balvidares\/barrilaamistad\/#main\" data-orig-file=\"https:\/\/www.hoymercedes.com.ar\/principal\/wp-content\/uploads\/2013\/06\/barrilaamistad.jpg\" data-orig-size=\"620,413\" data-comments-opened=\"1\" data-image-meta=\"{&quot;aperture&quot;:&quot;5&quot;,&quot;credit&quot;:&quot;&quot;,&quot;camera&quot;:&quot;Canon EOS REBEL T3i&quot;,&quot;caption&quot;:&quot;&quot;,&quot;created_timestamp&quot;:&quot;1371920004&quot;,&quot;copyright&quot;:&quot;&quot;,&quot;focal_length&quot;:&quot;37&quot;,&quot;iso&quot;:&quot;100&quot;,&quot;shutter_speed&quot;:&quot;0.016666666666667&quot;,&quot;title&quot;:&quot;&quot;}\" data-image-title=\"barrilaamistad\" data-image-description=\"\" data-image-caption=\"\" data-large-file=\"https:\/\/www.hoymercedes.com.ar\/principal\/wp-content\/uploads\/2013\/06\/barrilaamistad.jpg\" class=\"aligncenter size-full wp-image-23252\" alt=\"barrilaamistad\" src=\"https:\/\/www.hoymercedes.com.ar\/principal\/wp-content\/uploads\/2013\/06\/barrilaamistad.jpg\" width=\"620\" height=\"413\" \/><\/a><\/p>\n<p><em><strong>Desde el Frente Mercedino para la Victoria, junto a vecinos, llevaron adelante actividades solidarias para dejar en condiciones la placita del barrio \u00abLa Amistad\u00bb y el arreglo de la cancha de f\u00fatbol del barrio Soldado Balvidares.<\/strong><\/em><\/p>\n<p>En \u00abLa Amistad\u00bb los vecinos manifestaron que:\u00a0<em>\u201cHace tiempo que ten\u00edamos ganas de poner nuestra placita en condiciones y por suerte contamos con esta ayuda de los chicos del Frente Mercedino para hacerlo<\/em>\u201d<\/p>\n<p>Entre las obras realizadas sobre el espacio p\u00fablico hubo tareas de reacondicionamiento e higiene y arreglo y pintura sobre todos los juegos.<\/p>\n<p>Mientras los m\u00e1s grandes se ocupaban de los trabajos, los chicos se divirtieron con la organizaci\u00f3n de distintos juegos y un castillo inflable. M\u00e1s tarde, unos y otros se unieron para la merienda y confeccionar un mural de bienvenida al barrio.<\/p>\n<p>La jornada finaliz\u00f3 con una idea compartida: la de redactar y firmar un petitorio para que se ilumine la plaza. \u201cSer\u00eda el broche de oro para este trabajo que se hizo. Es muy gratificante ver que tu barrio est\u00e1 lindo y cuidado y las luces en la placita nos vendr\u00edan realmente muy bien\u201d, cerraron los vecinos de La Amistad.<\/p>\n<p><a href=\"https:\/\/www.hoymercedes.com.ar\/principal\/wp-content\/uploads\/2013\/06\/canchabalvidares.jpg\"><img loading=\"lazy\" decoding=\"async\" data-attachment-id=\"23253\" data-permalink=\"https:\/\/www.hoymercedes.com.ar\/principal\/2013\/06\/29\/fmpv-desarrollo-actividades-barriales-en-la-amistad-y-soldado-balvidares\/canchabalvidares\/#main\" data-orig-file=\"https:\/\/www.hoymercedes.com.ar\/principal\/wp-content\/uploads\/2013\/06\/canchabalvidares.jpg\" data-orig-size=\"620,465\" data-comments-opened=\"1\" data-image-meta=\"{&quot;aperture&quot;:&quot;0&quot;,&quot;credit&quot;:&quot;&quot;,&quot;camera&quot;:&quot;BlackBerry 8520&quot;,&quot;caption&quot;:&quot;&quot;,&quot;created_timestamp&quot;:&quot;0&quot;,&quot;copyright&quot;:&quot;&quot;,&quot;focal_length&quot;:&quot;0&quot;,&quot;iso&quot;:&quot;0&quot;,&quot;shutter_speed&quot;:&quot;0&quot;,&quot;title&quot;:&quot;&quot;}\" data-image-title=\"canchabalvidares\" data-image-description=\"\" data-image-caption=\"\" data-large-file=\"https:\/\/www.hoymercedes.com.ar\/principal\/wp-content\/uploads\/2013\/06\/canchabalvidares.jpg\" class=\"aligncenter size-full wp-image-23253\" alt=\"canchabalvidares\" src=\"https:\/\/www.hoymercedes.com.ar\/principal\/wp-content\/uploads\/2013\/06\/canchabalvidares.jpg\" width=\"620\" height=\"465\" srcset=\"https:\/\/www.hoymercedes.com.ar\/principal\/wp-content\/uploads\/2013\/06\/canchabalvidares.jpg 620w, https:\/\/www.hoymercedes.com.ar\/principal\/wp-content\/uploads\/2013\/06\/canchabalvidares-300x225.jpg 300w\" sizes=\"auto, (max-width: 620px) 100vw, 620px\" \/><\/a><\/p>\n<p>En el Soldado Balvidares, por su parte, la gente del barrio y los militantes del Frente hicieron arreglos sobre la canchita de f\u00fatbol de 6 entre 55 y 57. La jornada comenz\u00f3 bien temprano con limpieza y corte de pasto y ramas, sigui\u00f3 con algunas manos de pintura en los arcos y finaliz\u00f3 con una generosa rueda de choripanes.<\/p>\n<p><span style=\"color: #888888;\">Fuente: FMPV<\/span><\/p>\n","protected":false},"excerpt":{"rendered":"<p>Desde el Frente Mercedino para la Victoria, junto a vecinos, llevaron adelante actividades solidarias para dejar en condiciones la placita &#8230; <a title=\"FMPV desarroll\u00f3 actividades barriales en \u00abLa Amistad\u00bb y \u00abSoldado Balvidares\u00bb\" class=\"read-more\" href=\"https:\/\/www.hoymercedes.com.ar\/principal\/2013\/06\/29\/fmpv-desarrollo-actividades-barriales-en-la-amistad-y-soldado-balvidares\/\" aria-label=\"Leer m\u00e1s sobre FMPV desarroll\u00f3 actividades barriales en \u00abLa Amistad\u00bb y \u00abSoldado Balvidares\u00bb\">Leer m\u00e1s<\/a><\/p>\n","protected":false},"author":1,"featured_media":0,"comment_status":"open","ping_status":"open","sticky":false,"template":"","format":"standard","meta":{"_monsterinsights_skip_tracking":false,"_monsterinsights_sitenote_active":false,"_monsterinsights_sitenote_note":"","_monsterinsights_sitenote_category":0,"jetpack_post_was_ever_published":false,"_jetpack_newsletter_access":"","_jetpack_dont_email_post_to_subs":false,"_jetpack_newsletter_tier_id":0,"_jetpack_memberships_contains_paywalled_content":false,"_jetpack_memberships_contains_paid_content":false,"footnotes":"","jetpack_publicize_message":"","jetpack_publicize_feature_enabled":true,"jetpack_social_post_already_shared":true,"jetpack_social_options":{"image_generator_settings":{"template":"highway","default_image_id":0,"font":"","enabled":false},"version":2},"_wpas_customize_per_network":false},"categories":[5],"tags":[3592,3593,379,424],"class_list":["post-23250","post","type-post","status-publish","format-standard","hentry","category-politica","tag-barrio-la-amistad-mercedes","tag-barrio-soldado-balvidares-mercedes","tag-frente-mercedino-para-la-victoria","tag-ustarroz","generate-columns","tablet-grid-50","mobile-grid-100","grid-parent","grid-50"],"jetpack_publicize_connections":[],"jetpack_featured_media_url":"","wps_subtitle":"","jetpack_sharing_enabled":true,"_links":{"self":[{"href":"https:\/\/www.hoymercedes.com.ar\/principal\/wp-json\/wp\/v2\/posts\/23250","targetHints":{"allow":["GET"]}}],"collection":[{"href":"https:\/\/www.hoymercedes.com.ar\/principal\/wp-json\/wp\/v2\/posts"}],"about":[{"href":"https:\/\/www.hoymercedes.com.ar\/principal\/wp-json\/wp\/v2\/types\/post"}],"author":[{"embeddable":true,"href":"https:\/\/www.hoymercedes.com.ar\/principal\/wp-json\/wp\/v2\/users\/1"}],"replies":[{"embeddable":true,"href":"https:\/\/www.hoymercedes.com.ar\/principal\/wp-json\/wp\/v2\/comments?post=23250"}],"version-history":[{"count":0,"href":"https:\/\/www.hoymercedes.com.ar\/principal\/wp-json\/wp\/v2\/posts\/23250\/revisions"}],"wp:attachment":[{"href":"https:\/\/www.hoymercedes.com.ar\/principal\/wp-json\/wp\/v2\/media?parent=23250"}],"wp:term":[{"taxonomy":"category","embeddable":true,"href":"https:\/\/www.hoymercedes.com.ar\/principal\/wp-json\/wp\/v2\/categories?post=23250"},{"taxonomy":"post_tag","embeddable":true,"href":"https:\/\/www.hoymercedes.com.ar\/principal\/wp-json\/wp\/v2\/tags?post=23250"}],"curies":[{"name":"wp","href":"https:\/\/api.w.org\/{rel}","templated":true}]}}