{"id":23282,"date":"2013-06-30T21:30:57","date_gmt":"2013-06-30T21:30:57","guid":{"rendered":"http:\/\/www.hoymercedes.com.ar\/principal\/?p=23282"},"modified":"2013-06-30T21:30:57","modified_gmt":"2013-06-30T21:30:57","slug":"el-socialismo-local-lanza-campana-informativa-sobre-elecciones-2013","status":"publish","type":"post","link":"https:\/\/www.hoymercedes.com.ar\/principal\/2013\/06\/30\/el-socialismo-local-lanza-campana-informativa-sobre-elecciones-2013\/","title":{"rendered":"El Socialismo local lanza campa\u00f1a informativa sobre elecciones 2013"},"content":{"rendered":"<p><a href=\"https:\/\/www.hoymercedes.com.ar\/principal\/wp-content\/uploads\/2013\/06\/campsocialismovotacion20131.png\"><img loading=\"lazy\" decoding=\"async\" data-attachment-id=\"23280\" data-permalink=\"https:\/\/www.hoymercedes.com.ar\/principal\/campsocialismovotacion2013-2\/\" data-orig-file=\"https:\/\/www.hoymercedes.com.ar\/principal\/wp-content\/uploads\/2013\/06\/campsocialismovotacion20131.png\" data-orig-size=\"620,860\" data-comments-opened=\"1\" data-image-meta=\"{&quot;aperture&quot;:&quot;0&quot;,&quot;credit&quot;:&quot;&quot;,&quot;camera&quot;:&quot;&quot;,&quot;caption&quot;:&quot;&quot;,&quot;created_timestamp&quot;:&quot;0&quot;,&quot;copyright&quot;:&quot;&quot;,&quot;focal_length&quot;:&quot;0&quot;,&quot;iso&quot;:&quot;0&quot;,&quot;shutter_speed&quot;:&quot;0&quot;,&quot;title&quot;:&quot;&quot;}\" data-image-title=\"campsocialismovotacion2013\" data-image-description=\"\" data-image-caption=\"\" data-large-file=\"https:\/\/www.hoymercedes.com.ar\/principal\/wp-content\/uploads\/2013\/06\/campsocialismovotacion20131.png\" class=\"aligncenter size-full wp-image-23280\" alt=\"campsocialismovotacion2013\" src=\"https:\/\/www.hoymercedes.com.ar\/principal\/wp-content\/uploads\/2013\/06\/campsocialismovotacion20131.png\" width=\"620\" height=\"860\" srcset=\"https:\/\/www.hoymercedes.com.ar\/principal\/wp-content\/uploads\/2013\/06\/campsocialismovotacion20131.png 620w, https:\/\/www.hoymercedes.com.ar\/principal\/wp-content\/uploads\/2013\/06\/campsocialismovotacion20131-446x620.png 446w\" sizes=\"auto, (max-width: 620px) 100vw, 620px\" \/><\/a><\/p>\n<p><em><strong>El Socialismo de nuestra ciudad lanza una campa\u00f1a en la que buscar\u00e1 brindar informaci\u00f3n a toda la ciudadan\u00eda sobre lo que ser\u00e1n las pr\u00f3ximas elecciones que vivir\u00e1 nuestro pa\u00eds y donde en Mercedes se disputan diversas fuerzas la representaci\u00f3n comunal.<\/strong><\/em><\/p>\n<p>El respecto, desde el Socialismo, sostuvieron: <em>\u00abDesde el Socialimo Mercedino en el Frente PODEMOS queremos informar a toda la comunidad mercedina que hemos comenzado a realizar una campa\u00f1a de informaci\u00f3n sobre QUE, COMO Y CUANDO VOTAMOS en estas elecciones primarias, abiertas, simultaneas y obligatorias.<\/em><\/p>\n<p><em>La presente campa\u00f1a consta de distribuir un folleto que contiene toda la informaci\u00f3n acerca de como se deben desarrollar las elecciones que se llevar\u00e1n a cabo el 11 de agosto de este a\u00f1o. En este volante podr\u00e1n encontrar las respuestas a las preguntas mas frecuentes cuando llega esta fecha tan trascendental para la consolidaci\u00f3n de la democracia, como:<\/em><\/p>\n<p><em>\u00bfQu\u00e9 son las Elecciones Primarias? \u00bfQu\u00e9 se elige en las Primarias? \u00bfQui\u00e9nes deben y est\u00e1n habilitados para votar? \u00bfD\u00f3nde votar? \u00bf En Mercedes que vamos a votar? \u00bf Cuales son los pasos a seguir en estas elecciones?<\/em><\/p>\n<p><em>Tambi\u00e9n encontrar\u00e1n en este folleto im\u00e1genes de como realizar la elecci\u00f3n de las boletas dentro del cuarto oscuro, como as\u00ed tambi\u00e9n sobre cuales son los documentos v\u00e1lidos para votar y como queda registrado nuestro voto.-<\/em><\/p>\n<p><em>A partir de esta semana estaremos distribuyendo este folleto por distintos puntos de la ciudad, como as\u00ed tambi\u00e9n llevaremos a cabo un taller informativo durante la campa\u00f1a.<\/em><\/p>\n<p><em>Aquellos que quieran contar con este material pueden ponerse en contacto con nosotros a trav\u00e9s de nuestras p\u00e1ginas de facebook, o acerc\u00e1ndose a la Casa del Pueblo de calle 35 entre 22 y 24 todos los d\u00edas despu\u00e9s de las 18hs.<\/em><\/p>\n<p><em>Facebook: www.facebook.com\/PodemosMercedes<\/em><\/p>\n<p><em>www.facebook.com\/CasadelPuebloMercedes\u00bb<\/em><\/p>\n","protected":false},"excerpt":{"rendered":"<p>El Socialismo de nuestra ciudad lanza una campa\u00f1a en la que buscar\u00e1 brindar informaci\u00f3n a toda la ciudadan\u00eda sobre lo &#8230; <a title=\"El Socialismo local lanza campa\u00f1a informativa sobre elecciones 2013\" class=\"read-more\" href=\"https:\/\/www.hoymercedes.com.ar\/principal\/2013\/06\/30\/el-socialismo-local-lanza-campana-informativa-sobre-elecciones-2013\/\" aria-label=\"Leer m\u00e1s sobre El Socialismo local lanza campa\u00f1a informativa sobre elecciones 2013\">Leer m\u00e1s<\/a><\/p>\n","protected":false},"author":1,"featured_media":0,"comment_status":"open","ping_status":"open","sticky":false,"template":"","format":"standard","meta":{"_monsterinsights_skip_tracking":false,"_monsterinsights_sitenote_active":false,"_monsterinsights_sitenote_note":"","_monsterinsights_sitenote_category":0,"jetpack_post_was_ever_published":false,"_jetpack_newsletter_access":"","_jetpack_dont_email_post_to_subs":false,"_jetpack_newsletter_tier_id":0,"_jetpack_memberships_contains_paywalled_content":false,"_jetpack_memberships_contains_paid_content":false,"footnotes":"","jetpack_publicize_message":"","jetpack_publicize_feature_enabled":true,"jetpack_social_post_already_shared":true,"jetpack_social_options":{"image_generator_settings":{"template":"highway","default_image_id":0,"font":"","enabled":false},"version":2},"_wpas_customize_per_network":false},"categories":[5],"tags":[3598,2413],"class_list":["post-23282","post","type-post","status-publish","format-standard","hentry","category-politica","tag-podemos","tag-socialismo-mercedes","generate-columns","tablet-grid-50","mobile-grid-100","grid-parent","grid-50"],"jetpack_publicize_connections":[],"jetpack_featured_media_url":"","wps_subtitle":"","jetpack_sharing_enabled":true,"_links":{"self":[{"href":"https:\/\/www.hoymercedes.com.ar\/principal\/wp-json\/wp\/v2\/posts\/23282","targetHints":{"allow":["GET"]}}],"collection":[{"href":"https:\/\/www.hoymercedes.com.ar\/principal\/wp-json\/wp\/v2\/posts"}],"about":[{"href":"https:\/\/www.hoymercedes.com.ar\/principal\/wp-json\/wp\/v2\/types\/post"}],"author":[{"embeddable":true,"href":"https:\/\/www.hoymercedes.com.ar\/principal\/wp-json\/wp\/v2\/users\/1"}],"replies":[{"embeddable":true,"href":"https:\/\/www.hoymercedes.com.ar\/principal\/wp-json\/wp\/v2\/comments?post=23282"}],"version-history":[{"count":0,"href":"https:\/\/www.hoymercedes.com.ar\/principal\/wp-json\/wp\/v2\/posts\/23282\/revisions"}],"wp:attachment":[{"href":"https:\/\/www.hoymercedes.com.ar\/principal\/wp-json\/wp\/v2\/media?parent=23282"}],"wp:term":[{"taxonomy":"category","embeddable":true,"href":"https:\/\/www.hoymercedes.com.ar\/principal\/wp-json\/wp\/v2\/categories?post=23282"},{"taxonomy":"post_tag","embeddable":true,"href":"https:\/\/www.hoymercedes.com.ar\/principal\/wp-json\/wp\/v2\/tags?post=23282"}],"curies":[{"name":"wp","href":"https:\/\/api.w.org\/{rel}","templated":true}]}}