{"id":23311,"date":"2013-07-01T23:40:28","date_gmt":"2013-07-01T23:40:28","guid":{"rendered":"http:\/\/www.hoymercedes.com.ar\/principal\/?p=23311"},"modified":"2013-07-01T23:40:28","modified_gmt":"2013-07-01T23:40:28","slug":"agrupacion-17-de-octubre-realizo-misa-por-peron","status":"publish","type":"post","link":"https:\/\/www.hoymercedes.com.ar\/principal\/2013\/07\/01\/agrupacion-17-de-octubre-realizo-misa-por-peron\/","title":{"rendered":"Agrupaci\u00f3n 17 de Octubre realiz\u00f3 misa por Per\u00f3n"},"content":{"rendered":"<figure id=\"attachment_23313\" aria-describedby=\"caption-attachment-23313\" style=\"width: 610px\" class=\"wp-caption aligncenter\"><a href=\"https:\/\/www.hoymercedes.com.ar\/principal\/wp-content\/uploads\/2013\/07\/peron.jpg\"><img loading=\"lazy\" decoding=\"async\" data-attachment-id=\"23313\" data-permalink=\"https:\/\/www.hoymercedes.com.ar\/principal\/2013\/07\/01\/agrupacion-17-de-octubre-realizo-misa-por-peron\/peron\/#main\" data-orig-file=\"https:\/\/www.hoymercedes.com.ar\/principal\/wp-content\/uploads\/2013\/07\/peron.jpg\" data-orig-size=\"620,414\" data-comments-opened=\"1\" data-image-meta=\"{&quot;aperture&quot;:&quot;0&quot;,&quot;credit&quot;:&quot;&quot;,&quot;camera&quot;:&quot;&quot;,&quot;caption&quot;:&quot;&quot;,&quot;created_timestamp&quot;:&quot;0&quot;,&quot;copyright&quot;:&quot;&quot;,&quot;focal_length&quot;:&quot;0&quot;,&quot;iso&quot;:&quot;0&quot;,&quot;shutter_speed&quot;:&quot;0&quot;,&quot;title&quot;:&quot;&quot;}\" data-image-title=\"peron\" data-image-description=\"\" data-image-caption=\"&lt;p&gt;Juan Per\u00f3n &lt;\/p&gt;\n\" data-large-file=\"https:\/\/www.hoymercedes.com.ar\/principal\/wp-content\/uploads\/2013\/07\/peron.jpg\" class=\"size-full wp-image-23313\" alt=\"Juan Per\u00f3n \" src=\"https:\/\/www.hoymercedes.com.ar\/principal\/wp-content\/uploads\/2013\/07\/peron.jpg\" width=\"620\" height=\"414\" \/><\/a><figcaption id=\"caption-attachment-23313\" class=\"wp-caption-text\">Juan Per\u00f3n<\/figcaption><\/figure>\n<p><em><strong>Desde la Agrupaci\u00f3n 17 de Octubre se llev\u00f3 a cabo y organiz\u00f3 un encuentro religioso entorno a la memoria del ex Presidente de la Naci\u00f3n Juan Domingo Per\u00f3n.<\/strong><\/em><\/p>\n<p>La misa, oficiada en Bas\u00edlica Catedral a las 19.00hs, se debi\u00f3 a que se cumpli\u00f3 un a\u00f1o m\u00e1s de la muerte de Per\u00f3n cuando estaba cumpliendo un mandato m\u00e1s frente al Ejecutivo Nacional, aquel 1 de Julio de 1974 siendo luego sustituido por su vice, Isabel Mart\u00ednez de Per\u00f3n, mujer que sufri\u00f3 el \u00faltimo golpe de Estado C\u00edvico Militar que vivi\u00f3 el pa\u00eds.<\/p>\n<p>De la misa particip\u00f3 la militancia, que adem\u00e1s se encuentra organizando lo que es la actual campa\u00f1a de la que participan desde el Frente Renovador, adem\u00e1s de las autoridades partidarias.<\/p>\n","protected":false},"excerpt":{"rendered":"<p>Desde la Agrupaci\u00f3n 17 de Octubre se llev\u00f3 a cabo y organiz\u00f3 un encuentro religioso entorno a la memoria del &#8230; <a title=\"Agrupaci\u00f3n 17 de Octubre realiz\u00f3 misa por Per\u00f3n\" class=\"read-more\" href=\"https:\/\/www.hoymercedes.com.ar\/principal\/2013\/07\/01\/agrupacion-17-de-octubre-realizo-misa-por-peron\/\" aria-label=\"Leer m\u00e1s sobre Agrupaci\u00f3n 17 de Octubre realiz\u00f3 misa por Per\u00f3n\">Leer m\u00e1s<\/a><\/p>\n","protected":false},"author":1,"featured_media":0,"comment_status":"open","ping_status":"open","sticky":false,"template":"","format":"standard","meta":{"_monsterinsights_skip_tracking":false,"_monsterinsights_sitenote_active":false,"_monsterinsights_sitenote_note":"","_monsterinsights_sitenote_category":0,"jetpack_post_was_ever_published":false,"_jetpack_newsletter_access":"","_jetpack_dont_email_post_to_subs":false,"_jetpack_newsletter_tier_id":0,"_jetpack_memberships_contains_paywalled_content":false,"_jetpack_memberships_contains_paid_content":false,"footnotes":"","jetpack_publicize_message":"","jetpack_publicize_feature_enabled":true,"jetpack_social_post_already_shared":true,"jetpack_social_options":{"image_generator_settings":{"template":"highway","default_image_id":0,"font":"","enabled":false},"version":2},"_wpas_customize_per_network":false},"categories":[5],"tags":[552],"class_list":["post-23311","post","type-post","status-publish","format-standard","hentry","category-politica","tag-agrupacion-17-de-octubre","generate-columns","tablet-grid-50","mobile-grid-100","grid-parent","grid-50"],"jetpack_publicize_connections":[],"jetpack_featured_media_url":"","wps_subtitle":"","jetpack_sharing_enabled":true,"_links":{"self":[{"href":"https:\/\/www.hoymercedes.com.ar\/principal\/wp-json\/wp\/v2\/posts\/23311","targetHints":{"allow":["GET"]}}],"collection":[{"href":"https:\/\/www.hoymercedes.com.ar\/principal\/wp-json\/wp\/v2\/posts"}],"about":[{"href":"https:\/\/www.hoymercedes.com.ar\/principal\/wp-json\/wp\/v2\/types\/post"}],"author":[{"embeddable":true,"href":"https:\/\/www.hoymercedes.com.ar\/principal\/wp-json\/wp\/v2\/users\/1"}],"replies":[{"embeddable":true,"href":"https:\/\/www.hoymercedes.com.ar\/principal\/wp-json\/wp\/v2\/comments?post=23311"}],"version-history":[{"count":0,"href":"https:\/\/www.hoymercedes.com.ar\/principal\/wp-json\/wp\/v2\/posts\/23311\/revisions"}],"wp:attachment":[{"href":"https:\/\/www.hoymercedes.com.ar\/principal\/wp-json\/wp\/v2\/media?parent=23311"}],"wp:term":[{"taxonomy":"category","embeddable":true,"href":"https:\/\/www.hoymercedes.com.ar\/principal\/wp-json\/wp\/v2\/categories?post=23311"},{"taxonomy":"post_tag","embeddable":true,"href":"https:\/\/www.hoymercedes.com.ar\/principal\/wp-json\/wp\/v2\/tags?post=23311"}],"curies":[{"name":"wp","href":"https:\/\/api.w.org\/{rel}","templated":true}]}}