{"id":23347,"date":"2013-07-03T12:08:03","date_gmt":"2013-07-03T12:08:03","guid":{"rendered":"http:\/\/www.hoymercedes.com.ar\/principal\/?p=23347"},"modified":"2013-07-03T12:08:03","modified_gmt":"2013-07-03T12:08:03","slug":"donacion-de-medicamentos-al-hospital-dubarry-desde-el-frente-mercedino","status":"publish","type":"post","link":"https:\/\/www.hoymercedes.com.ar\/principal\/2013\/07\/03\/donacion-de-medicamentos-al-hospital-dubarry-desde-el-frente-mercedino\/","title":{"rendered":"Donaci\u00f3n de medicamentos al Hospital Dubarry desde el Frente Mercedino"},"content":{"rendered":"<figure id=\"attachment_23349\" aria-describedby=\"caption-attachment-23349\" style=\"width: 610px\" class=\"wp-caption aligncenter\"><a href=\"https:\/\/www.hoymercedes.com.ar\/principal\/wp-content\/uploads\/2013\/07\/Hospital-Dubarry.jpg\"><img loading=\"lazy\" decoding=\"async\" data-attachment-id=\"23349\" data-permalink=\"https:\/\/www.hoymercedes.com.ar\/principal\/2013\/07\/03\/donacion-de-medicamentos-al-hospital-dubarry-desde-el-frente-mercedino\/hospital-dubarry\/#main\" data-orig-file=\"https:\/\/www.hoymercedes.com.ar\/principal\/wp-content\/uploads\/2013\/07\/Hospital-Dubarry.jpg\" data-orig-size=\"620,510\" data-comments-opened=\"1\" data-image-meta=\"{&quot;aperture&quot;:&quot;0&quot;,&quot;credit&quot;:&quot;&quot;,&quot;camera&quot;:&quot;&quot;,&quot;caption&quot;:&quot;&quot;,&quot;created_timestamp&quot;:&quot;0&quot;,&quot;copyright&quot;:&quot;&quot;,&quot;focal_length&quot;:&quot;0&quot;,&quot;iso&quot;:&quot;0&quot;,&quot;shutter_speed&quot;:&quot;0&quot;,&quot;title&quot;:&quot;&quot;}\" data-image-title=\"Hospital-Dubarry\" data-image-description=\"\" data-image-caption=\"&lt;p&gt;Firma convenio UBA &amp;#8211; Municipio&lt;\/p&gt;\n\" data-large-file=\"https:\/\/www.hoymercedes.com.ar\/principal\/wp-content\/uploads\/2013\/07\/Hospital-Dubarry.jpg\" class=\"size-full wp-image-23349\" alt=\"Firma convenio UBA - Municipio\" src=\"https:\/\/www.hoymercedes.com.ar\/principal\/wp-content\/uploads\/2013\/07\/Hospital-Dubarry.jpg\" width=\"620\" height=\"510\" \/><\/a><figcaption id=\"caption-attachment-23349\" class=\"wp-caption-text\">Firma convenio UBA &#8211; Municipio<\/figcaption><\/figure>\n<p><em><strong>Se llev\u00f3 a cabo una nueva donaci\u00f3n por parte de gestiones del Frente Mercedino para la Victoria y por medio de la Fundaci\u00f3n Tzedak\u00e1. En el acto de transferencia de medicamentos estuvieron presentes el Director del Hospirtal, Rodolfo Pr\u00edncipi y el integrante de la Cooperadora del nosocomio, Rosendo Rubiero.\u00a0<\/strong><\/em><\/p>\n<p>&nbsp;<\/p>\n<p>Sobre la nueva donaci\u00f3n afirm\u00f3 Juan Ustarroz: \u00abEsta posibilidad de acercar medicamentos a trav\u00e9s de una fundaci\u00f3n forma parte de las acciones que desarrollamos para beneficiar al hospital. La idea es seguir contribuyendo para superar todas las dificultades que se vayan presentando y tener el hospital que nos \u00a0merecemos todos los mercedinos\u201d.<\/p>\n<p>No es la primera vez que el Frente Mercedino efect\u00faa una donaci\u00f3n al Hospital. Ya el a\u00f1o pasado lo hicieron en varias oportunidades incluso una cena a beneficio en el Club Estudiantes.<\/p>\n<p>La fundaci\u00f3n Tzedak\u00e1 es una instituci\u00f3n perteneciente, desde el a\u00f1o 1991, a la comunidad judia en nuestro pa\u00eds.<\/p>\n<p>Por su parte, el representante m\u00e1ximo del Hospital sostuvo: \u00abNosotros no tenemos m\u00e1s que palabras de agradecimiento para Juani y para el resto del Frente, entre ellos los diputados \u2018Wado\u2019 De Pedro y Alberto Espa\u00f1a, porque pudiendo pararse en la vereda de enfrente y ponerse a criticar eligieron la construcci\u00f3n a pesar de las diferencias que podamos tener. Es un ejemplo que todos debemos imitar. Y en este caso tambi\u00e9n les damos las gracias a la Fundaci\u00f3n Tzedak\u00e1\u201d<\/p>\n<p>Los medicamentos entregados fueron: amoxicilina, cefacar, cefalexina, cefurox, ciprofloxacina, metoclopramida, priltenk, reliver\u00e1n, septilisin y ulcotenk.<\/p>\n","protected":false},"excerpt":{"rendered":"<p>Se llev\u00f3 a cabo una nueva donaci\u00f3n por parte de gestiones del Frente Mercedino para la Victoria y por medio &#8230; <a title=\"Donaci\u00f3n de medicamentos al Hospital Dubarry desde el Frente Mercedino\" class=\"read-more\" href=\"https:\/\/www.hoymercedes.com.ar\/principal\/2013\/07\/03\/donacion-de-medicamentos-al-hospital-dubarry-desde-el-frente-mercedino\/\" aria-label=\"Leer m\u00e1s sobre Donaci\u00f3n de medicamentos al Hospital Dubarry desde el Frente Mercedino\">Leer m\u00e1s<\/a><\/p>\n","protected":false},"author":1,"featured_media":0,"comment_status":"open","ping_status":"open","sticky":false,"template":"","format":"standard","meta":{"_monsterinsights_skip_tracking":false,"_monsterinsights_sitenote_active":false,"_monsterinsights_sitenote_note":"","_monsterinsights_sitenote_category":0,"jetpack_post_was_ever_published":false,"_jetpack_newsletter_access":"","_jetpack_dont_email_post_to_subs":false,"_jetpack_newsletter_tier_id":0,"_jetpack_memberships_contains_paywalled_content":false,"_jetpack_memberships_contains_paid_content":false,"footnotes":"","jetpack_publicize_message":"","jetpack_publicize_feature_enabled":true,"jetpack_social_post_already_shared":true,"jetpack_social_options":{"image_generator_settings":{"template":"highway","default_image_id":0,"font":"","enabled":false},"version":2},"_wpas_customize_per_network":false},"categories":[5],"tags":[140,585,1871],"class_list":["post-23347","post","type-post","status-publish","format-standard","hentry","category-politica","tag-hospital-dubarry","tag-juan-ustarroz","tag-rodolfo-principi","generate-columns","tablet-grid-50","mobile-grid-100","grid-parent","grid-50"],"jetpack_publicize_connections":[],"jetpack_featured_media_url":"","wps_subtitle":"","jetpack_sharing_enabled":true,"_links":{"self":[{"href":"https:\/\/www.hoymercedes.com.ar\/principal\/wp-json\/wp\/v2\/posts\/23347","targetHints":{"allow":["GET"]}}],"collection":[{"href":"https:\/\/www.hoymercedes.com.ar\/principal\/wp-json\/wp\/v2\/posts"}],"about":[{"href":"https:\/\/www.hoymercedes.com.ar\/principal\/wp-json\/wp\/v2\/types\/post"}],"author":[{"embeddable":true,"href":"https:\/\/www.hoymercedes.com.ar\/principal\/wp-json\/wp\/v2\/users\/1"}],"replies":[{"embeddable":true,"href":"https:\/\/www.hoymercedes.com.ar\/principal\/wp-json\/wp\/v2\/comments?post=23347"}],"version-history":[{"count":0,"href":"https:\/\/www.hoymercedes.com.ar\/principal\/wp-json\/wp\/v2\/posts\/23347\/revisions"}],"wp:attachment":[{"href":"https:\/\/www.hoymercedes.com.ar\/principal\/wp-json\/wp\/v2\/media?parent=23347"}],"wp:term":[{"taxonomy":"category","embeddable":true,"href":"https:\/\/www.hoymercedes.com.ar\/principal\/wp-json\/wp\/v2\/categories?post=23347"},{"taxonomy":"post_tag","embeddable":true,"href":"https:\/\/www.hoymercedes.com.ar\/principal\/wp-json\/wp\/v2\/tags?post=23347"}],"curies":[{"name":"wp","href":"https:\/\/api.w.org\/{rel}","templated":true}]}}