{"id":23428,"date":"2013-07-06T16:42:26","date_gmt":"2013-07-06T16:42:26","guid":{"rendered":"http:\/\/www.hoymercedes.com.ar\/principal\/?p=23428"},"modified":"2013-07-06T16:42:26","modified_gmt":"2013-07-06T16:42:26","slug":"candidatos-selvistas-en-encuentro-con-sergio-massa","status":"publish","type":"post","link":"https:\/\/www.hoymercedes.com.ar\/principal\/2013\/07\/06\/candidatos-selvistas-en-encuentro-con-sergio-massa\/","title":{"rendered":"Candidatos selvistas en encuentro con Sergio Massa"},"content":{"rendered":"<figure id=\"attachment_23430\" aria-describedby=\"caption-attachment-23430\" style=\"width: 610px\" class=\"wp-caption aligncenter\"><a href=\"https:\/\/www.hoymercedes.com.ar\/principal\/wp-content\/uploads\/2013\/07\/selvistas-masaa-II.jpg\"><img loading=\"lazy\" decoding=\"async\" data-attachment-id=\"23430\" data-permalink=\"https:\/\/www.hoymercedes.com.ar\/principal\/2013\/07\/06\/candidatos-selvistas-en-encuentro-con-sergio-massa\/selvistas-masaa-ii\/#main\" data-orig-file=\"https:\/\/www.hoymercedes.com.ar\/principal\/wp-content\/uploads\/2013\/07\/selvistas-masaa-II.jpg\" data-orig-size=\"620,451\" data-comments-opened=\"1\" data-image-meta=\"{&quot;aperture&quot;:&quot;3.8&quot;,&quot;credit&quot;:&quot;&quot;,&quot;camera&quot;:&quot;NIKON D3100&quot;,&quot;caption&quot;:&quot;&quot;,&quot;created_timestamp&quot;:&quot;1372649907&quot;,&quot;copyright&quot;:&quot;&quot;,&quot;focal_length&quot;:&quot;20&quot;,&quot;iso&quot;:&quot;2500&quot;,&quot;shutter_speed&quot;:&quot;0.016666666666667&quot;,&quot;title&quot;:&quot;&quot;}\" data-image-title=\"selvistas-masaa-II\" data-image-description=\"\" data-image-caption=\"&lt;p&gt;Selvistas con Massa&lt;\/p&gt;\n\" data-large-file=\"https:\/\/www.hoymercedes.com.ar\/principal\/wp-content\/uploads\/2013\/07\/selvistas-masaa-II.jpg\" class=\"size-full wp-image-23430\" alt=\"Selvistas con Massa \" src=\"https:\/\/www.hoymercedes.com.ar\/principal\/wp-content\/uploads\/2013\/07\/selvistas-masaa-II.jpg\" width=\"620\" height=\"451\" \/><\/a><figcaption id=\"caption-attachment-23430\" class=\"wp-caption-text\">Selvistas con Massa<\/figcaption><\/figure>\n<p>En un encuentro en la localidad de Tigre el selvismo tuvo su encuentro con el actual primer candidato a Diputado por el Frente Renovador, el intendente de la mencionada localidad, Sergio Massa.<\/p>\n<p>El principal referente del Frente Renovador y primer candidato a diputado nacional Sergio Massa le hab\u00eda soliciado, sostienen fuentes oficiales, a Selva conocer m\u00e1s en profundidad \u00a0a los candidatos locales y es por ello que la lista completa en todas las instancias fue parte del encuentro con el m\u00e1ximo referente del Frente Renovador.<\/p>\n<p>El jueves partieron a Tigre Ricardo Bozzini, Juan Carlos Ben\u00edtez, Sabrina Selva, Juan Navarro, H\u00e9ctor \u201cCacho\u201d Colotta, Ruth Muraca, Agust\u00edn Lasala, Hern\u00e1n Torales, Alicia Arce, Yanina Oviedo y Marcelo Disciullo estuvieron en el Hotel Intercontinental del Nordelta siendo parte de este encuentro con Massa.<\/p>\n<p><a href=\"https:\/\/www.hoymercedes.com.ar\/principal\/wp-content\/uploads\/2013\/07\/selva-massa.jpg\"><img loading=\"lazy\" decoding=\"async\" data-attachment-id=\"23431\" data-permalink=\"https:\/\/www.hoymercedes.com.ar\/principal\/2013\/07\/06\/candidatos-selvistas-en-encuentro-con-sergio-massa\/selva-massa-2\/#main\" data-orig-file=\"https:\/\/www.hoymercedes.com.ar\/principal\/wp-content\/uploads\/2013\/07\/selva-massa.jpg\" data-orig-size=\"620,394\" data-comments-opened=\"1\" data-image-meta=\"{&quot;aperture&quot;:&quot;3.5&quot;,&quot;credit&quot;:&quot;&quot;,&quot;camera&quot;:&quot;NIKON D3100&quot;,&quot;caption&quot;:&quot;&quot;,&quot;created_timestamp&quot;:&quot;1372648876&quot;,&quot;copyright&quot;:&quot;&quot;,&quot;focal_length&quot;:&quot;18&quot;,&quot;iso&quot;:&quot;2500&quot;,&quot;shutter_speed&quot;:&quot;0.016666666666667&quot;,&quot;title&quot;:&quot;&quot;}\" data-image-title=\"selva-massa\" data-image-description=\"\" data-image-caption=\"\" data-large-file=\"https:\/\/www.hoymercedes.com.ar\/principal\/wp-content\/uploads\/2013\/07\/selva-massa.jpg\" class=\"aligncenter size-full wp-image-23431\" alt=\"selva-massa\" src=\"https:\/\/www.hoymercedes.com.ar\/principal\/wp-content\/uploads\/2013\/07\/selva-massa.jpg\" width=\"620\" height=\"394\" srcset=\"https:\/\/www.hoymercedes.com.ar\/principal\/wp-content\/uploads\/2013\/07\/selva-massa.jpg 620w, https:\/\/www.hoymercedes.com.ar\/principal\/wp-content\/uploads\/2013\/07\/selva-massa-300x190.jpg 300w\" sizes=\"auto, (max-width: 620px) 100vw, 620px\" \/><\/a><\/p>\n<p>Empez\u00f3 la jornada con una charla\u00a0de Massa, acompa\u00f1ado de los candidatos a diputados Dar\u00edo Giustozzi, Mirta Tundis, Felipe Sol\u00e1, Ignacio De Mendiguren y dem\u00e1s legisladores e intendente,- con los referentes de las secciones electorales para coordinar acciones a futuro. Todo se desarroll\u00f3 en un clima muy cordial y con un Massa muy distendido, quien se apoy\u00f3 fuertemente en su esposa Malena Galmarini, quien dio detalles de lo que ser\u00e1 el acto lanzamiento del lunes 8 en el Museo del Arte de Tigre.<\/p>\n<p>Selva fue de los miembros de la primera fila donde participan los afines al intendente.<\/p>\n<p>Se supo que la idea era hacer fotos y presentaciones de Massa con el primer candidato de cada ciudad, pero, en el caso de Mercedes participaron todo, instancia que no se vivi\u00f3 con el resto de las comunidades. Selva afirm\u00f3 que:\u00a0\u00a0<em>\u201cMassa siempre tiene esos gestos especiales con la gente de Mercedes y es algo que se debe destacar. Hace a\u00f1os que nos conocemos y hemos entablado una gran amistad y eso me hace sentir orgullos de ser parte de este proyecto a futuro que encarna Sergio\u201d<\/em><\/p>\n<p>El Frente Renovador har\u00e1 la presentaci\u00f3n oficial de su lista este lunes 8 a las 18.30 horas en el Museo del Arte. Una comitiva mercedina estar\u00e1 presente y que ser\u00e1 encabezada por el intendente. \u201cComo dice Sergio, estamos pariendo a un hijo y nosotros lo sentimos as\u00ed porque este proyecto es el futuro del pa\u00eds. El lunes estaremos all\u00ed porque somos actores principales de esta propuesta superadora que apela al pluralismo\u201d, sostuvo el primer mandatario local.<\/p>\n","protected":false},"excerpt":{"rendered":"<p>En un encuentro en la localidad de Tigre el selvismo tuvo su encuentro con el actual primer candidato a Diputado &#8230; <a title=\"Candidatos selvistas en encuentro con Sergio Massa\" class=\"read-more\" href=\"https:\/\/www.hoymercedes.com.ar\/principal\/2013\/07\/06\/candidatos-selvistas-en-encuentro-con-sergio-massa\/\" aria-label=\"Leer m\u00e1s sobre Candidatos selvistas en encuentro con Sergio Massa\">Leer m\u00e1s<\/a><\/p>\n","protected":false},"author":1,"featured_media":0,"comment_status":"open","ping_status":"open","sticky":false,"template":"","format":"standard","meta":{"_monsterinsights_skip_tracking":false,"_monsterinsights_sitenote_active":false,"_monsterinsights_sitenote_note":"","_monsterinsights_sitenote_category":0,"jetpack_post_was_ever_published":false,"_jetpack_newsletter_access":"","_jetpack_dont_email_post_to_subs":false,"_jetpack_newsletter_tier_id":0,"_jetpack_memberships_contains_paywalled_content":false,"_jetpack_memberships_contains_paid_content":false,"footnotes":"","jetpack_publicize_message":"","jetpack_publicize_feature_enabled":true,"jetpack_social_post_already_shared":true,"jetpack_social_options":{"image_generator_settings":{"template":"highway","default_image_id":0,"font":"","enabled":false},"version":2},"_wpas_customize_per_network":false},"categories":[5],"tags":[3226,18],"class_list":["post-23428","post","type-post","status-publish","format-standard","hentry","category-politica","tag-massa","tag-selva","generate-columns","tablet-grid-50","mobile-grid-100","grid-parent","grid-50"],"jetpack_publicize_connections":[],"jetpack_featured_media_url":"","wps_subtitle":"","jetpack_sharing_enabled":true,"_links":{"self":[{"href":"https:\/\/www.hoymercedes.com.ar\/principal\/wp-json\/wp\/v2\/posts\/23428","targetHints":{"allow":["GET"]}}],"collection":[{"href":"https:\/\/www.hoymercedes.com.ar\/principal\/wp-json\/wp\/v2\/posts"}],"about":[{"href":"https:\/\/www.hoymercedes.com.ar\/principal\/wp-json\/wp\/v2\/types\/post"}],"author":[{"embeddable":true,"href":"https:\/\/www.hoymercedes.com.ar\/principal\/wp-json\/wp\/v2\/users\/1"}],"replies":[{"embeddable":true,"href":"https:\/\/www.hoymercedes.com.ar\/principal\/wp-json\/wp\/v2\/comments?post=23428"}],"version-history":[{"count":0,"href":"https:\/\/www.hoymercedes.com.ar\/principal\/wp-json\/wp\/v2\/posts\/23428\/revisions"}],"wp:attachment":[{"href":"https:\/\/www.hoymercedes.com.ar\/principal\/wp-json\/wp\/v2\/media?parent=23428"}],"wp:term":[{"taxonomy":"category","embeddable":true,"href":"https:\/\/www.hoymercedes.com.ar\/principal\/wp-json\/wp\/v2\/categories?post=23428"},{"taxonomy":"post_tag","embeddable":true,"href":"https:\/\/www.hoymercedes.com.ar\/principal\/wp-json\/wp\/v2\/tags?post=23428"}],"curies":[{"name":"wp","href":"https:\/\/api.w.org\/{rel}","templated":true}]}}