{"id":2344,"date":"2011-02-23T03:47:19","date_gmt":"2011-02-23T03:47:19","guid":{"rendered":"http:\/\/www.hoymercedes.com.ar\/principal\/?p=2344"},"modified":"2011-02-23T03:48:47","modified_gmt":"2011-02-23T03:48:47","slug":"se-realizara-en-mercedes-la-fiesta-provincial-del-teatro-independiente-2011","status":"publish","type":"post","link":"https:\/\/www.hoymercedes.com.ar\/principal\/2011\/02\/23\/se-realizara-en-mercedes-la-fiesta-provincial-del-teatro-independiente-2011\/","title":{"rendered":"Se realizar\u00e1 en Mercedes la Fiesta Provincial del Teatro Independiente 2011"},"content":{"rendered":"<p><strong>I Encuentro del Teatro Independiente de la Provincia de Buenos Aires<\/strong>l<\/p>\n<p><strong>Consejo Provincial del Teatro Independiente (CPTI)<\/strong> dependiente del Instituto Cultural de Provincia de Buenos Aires convoca a todos los trabajadores del teatro independiente de la Provincia de Buenos Aires a participar de la Fiesta Provincial del Teatro Independiente que se realizar\u00e1 del 23 al 27 de marzo de 2011 en la ciudad de Mercedes.\u00a0 En el marco de este evento se desarrollar\u00e1 el\u00a0 Primer Encuentro de Trabajadores del Teatro Independiente y la instancia de selecci\u00f3n de tres espect\u00e1culos que representar\u00e1n a la provincia en la XXVI Fiesta Nacional del Teatro San Juan 2011 organizada por el Instituto Nacional de Teatro.<\/p>\n<p>Cabe destacar que la Fiesta Provincial\u00a0 2011 contar\u00e1 con el apoyo de la Comedia de la Provincia, Radio Provincia de Bs. As, la Direcci\u00f3n General de Cultura y Educaci\u00f3n de la Provincia de Bs. As. y la Municipalidad de Mercedes.<\/p>\n<p><strong>SOBRE EL ENCUENTRO<\/strong><\/p>\n<p>Dado el nuevo escenario que se ha abierto en la provincia de Buenos Aires a partir de la aplicaci\u00f3n de la Ley Provincial del Teatro, El CPTI ha estimado necesario convocar a un encuentro de participaci\u00f3n abierta para todos los trabajadores del teatro independiente de la provincia de Buenos Aires, representantes de las organizaciones de base y todos aquellos vinculados con el teatro en general con el objeto de reflexionar sobre la\u00a0 actividad.<\/p>\n<p>Creemos que este espacio es un \u00e1mbito propicio para impulsar la promulgaci\u00f3n de leyes provinciales y ordenanzas municipales de teatro, pensar en los recursos que se generan desde ellas y su posible utilizaci\u00f3n en la Regi\u00f3n, que seg\u00fan cada una tendr\u00e1 caracter\u00edsticas distintivas.<\/p>\n<p>Finalmente se volcar\u00e1 lo tratado en las distintas mesas de trabajo, en una reuni\u00f3n general de cierre con la redacci\u00f3n de las\u00a0 conclusiones del encuentro.<\/p>\n<p><strong>SOBRE LA SELECCI\u00d3N PARA LA FIESTA NACIONAL<\/strong><\/p>\n<p>Las bases y condiciones se encuentran en el sitio del Instituto nacional de Teatro:<\/p>\n<p><a href=\"http:\/\/www.inteatro.gov.ar\/\" target=\"_blank\" rel=\"noopener\">www.inteatro.gov.ar<\/a>.<\/p>\n<p><strong>INFORMES E INSCRIPCION:<\/strong><\/p>\n<p><a href=\"mailto:encuentroprovincial2011@gmail.com\" target=\"_blank\">encuentroprovincial2011@gmail.com<\/a><strong><\/strong><\/p>\n<p>Consejo provincial de Teatro Independiente: (0221) 429 1700 int. 817<\/p>\n","protected":false},"excerpt":{"rendered":"<p>I Encuentro del Teatro Independiente de la Provincia de Buenos Airesl Consejo Provincial del Teatro Independiente (CPTI) dependiente del Instituto &#8230; <a title=\"Se realizar\u00e1 en Mercedes la Fiesta Provincial del Teatro Independiente 2011\" class=\"read-more\" href=\"https:\/\/www.hoymercedes.com.ar\/principal\/2011\/02\/23\/se-realizara-en-mercedes-la-fiesta-provincial-del-teatro-independiente-2011\/\" aria-label=\"Leer m\u00e1s sobre Se realizar\u00e1 en Mercedes la Fiesta Provincial del Teatro Independiente 2011\">Leer m\u00e1s<\/a><\/p>\n","protected":false},"author":1,"featured_media":0,"comment_status":"open","ping_status":"open","sticky":false,"template":"","format":"standard","meta":{"_monsterinsights_skip_tracking":false,"_monsterinsights_sitenote_active":false,"_monsterinsights_sitenote_note":"","_monsterinsights_sitenote_category":0,"jetpack_post_was_ever_published":false,"_jetpack_newsletter_access":"","_jetpack_dont_email_post_to_subs":false,"_jetpack_newsletter_tier_id":0,"_jetpack_memberships_contains_paywalled_content":false,"_jetpack_memberships_contains_paid_content":false,"footnotes":"","jetpack_publicize_message":"","jetpack_publicize_feature_enabled":true,"jetpack_social_post_already_shared":false,"jetpack_social_options":{"image_generator_settings":{"template":"highway","default_image_id":0,"font":"","enabled":false},"version":2},"_wpas_customize_per_network":false},"categories":[8],"tags":[10,496],"class_list":["post-2344","post","type-post","status-publish","format-standard","hentry","category-sociedad","tag-mercedes","tag-teatro-independiente-2011","generate-columns","tablet-grid-50","mobile-grid-100","grid-parent","grid-50"],"jetpack_publicize_connections":[],"jetpack_featured_media_url":"","wps_subtitle":"","jetpack_sharing_enabled":true,"_links":{"self":[{"href":"https:\/\/www.hoymercedes.com.ar\/principal\/wp-json\/wp\/v2\/posts\/2344","targetHints":{"allow":["GET"]}}],"collection":[{"href":"https:\/\/www.hoymercedes.com.ar\/principal\/wp-json\/wp\/v2\/posts"}],"about":[{"href":"https:\/\/www.hoymercedes.com.ar\/principal\/wp-json\/wp\/v2\/types\/post"}],"author":[{"embeddable":true,"href":"https:\/\/www.hoymercedes.com.ar\/principal\/wp-json\/wp\/v2\/users\/1"}],"replies":[{"embeddable":true,"href":"https:\/\/www.hoymercedes.com.ar\/principal\/wp-json\/wp\/v2\/comments?post=2344"}],"version-history":[{"count":0,"href":"https:\/\/www.hoymercedes.com.ar\/principal\/wp-json\/wp\/v2\/posts\/2344\/revisions"}],"wp:attachment":[{"href":"https:\/\/www.hoymercedes.com.ar\/principal\/wp-json\/wp\/v2\/media?parent=2344"}],"wp:term":[{"taxonomy":"category","embeddable":true,"href":"https:\/\/www.hoymercedes.com.ar\/principal\/wp-json\/wp\/v2\/categories?post=2344"},{"taxonomy":"post_tag","embeddable":true,"href":"https:\/\/www.hoymercedes.com.ar\/principal\/wp-json\/wp\/v2\/tags?post=2344"}],"curies":[{"name":"wp","href":"https:\/\/api.w.org\/{rel}","templated":true}]}}