{"id":23484,"date":"2013-07-09T00:27:11","date_gmt":"2013-07-09T00:27:11","guid":{"rendered":"http:\/\/www.hoymercedes.com.ar\/principal\/?p=23484"},"modified":"2013-07-09T00:27:11","modified_gmt":"2013-07-09T00:27:11","slug":"inauguran-centro-comunitario-nestor-kirchner-en-barrio-hipolito-yrigoyen","status":"publish","type":"post","link":"https:\/\/www.hoymercedes.com.ar\/principal\/2013\/07\/09\/inauguran-centro-comunitario-nestor-kirchner-en-barrio-hipolito-yrigoyen\/","title":{"rendered":"Inauguran Centro Comunitario N\u00e9stor Kirchner en Barrio Hip\u00f3lito Yrigoyen"},"content":{"rendered":"<figure id=\"attachment_23486\" aria-describedby=\"caption-attachment-23486\" style=\"width: 610px\" class=\"wp-caption aligncenter\"><a href=\"https:\/\/www.hoymercedes.com.ar\/principal\/wp-content\/uploads\/2013\/07\/centronestorkirchner.jpg\"><img loading=\"lazy\" decoding=\"async\" data-attachment-id=\"23486\" data-permalink=\"https:\/\/www.hoymercedes.com.ar\/principal\/2013\/07\/09\/inauguran-centro-comunitario-nestor-kirchner-en-barrio-hipolito-yrigoyen\/centronestorkirchner\/#main\" data-orig-file=\"https:\/\/www.hoymercedes.com.ar\/principal\/wp-content\/uploads\/2013\/07\/centronestorkirchner.jpg\" data-orig-size=\"620,328\" data-comments-opened=\"1\" data-image-meta=\"{&quot;aperture&quot;:&quot;0&quot;,&quot;credit&quot;:&quot;&quot;,&quot;camera&quot;:&quot;BlackBerry 9320&quot;,&quot;caption&quot;:&quot;&quot;,&quot;created_timestamp&quot;:&quot;0&quot;,&quot;copyright&quot;:&quot;&quot;,&quot;focal_length&quot;:&quot;0&quot;,&quot;iso&quot;:&quot;0&quot;,&quot;shutter_speed&quot;:&quot;0&quot;,&quot;title&quot;:&quot;&quot;}\" data-image-title=\"centronestorkirchner\" data-image-description=\"\" data-image-caption=\"&lt;p&gt;Centro N\u00e9stor Kirchner&lt;\/p&gt;\n\" data-large-file=\"https:\/\/www.hoymercedes.com.ar\/principal\/wp-content\/uploads\/2013\/07\/centronestorkirchner.jpg\" class=\"size-full wp-image-23486\" alt=\"Centro N\u00e9stor Kirchner\" src=\"https:\/\/www.hoymercedes.com.ar\/principal\/wp-content\/uploads\/2013\/07\/centronestorkirchner.jpg\" width=\"620\" height=\"328\" \/><\/a><figcaption id=\"caption-attachment-23486\" class=\"wp-caption-text\">Centro N\u00e9stor Kirchner<\/figcaption><\/figure>\n<p>Se llev\u00f3 a cabo la anunciada inauguraci\u00f3n del Centro Comunicatatio N\u00e9stor Kirchner en el Barrio Hip\u00f3lito Yrigoyen a trav\u00e9s de una acci\u00f3n motorizada por el Frente mercedino para la Victoria, agrupaci\u00f3n que lleva como primer candidato a Juan Ustarroz para las pr\u00f3ximas elecciones.<\/p>\n<p>El \u00e1mbito est\u00e1 en calles 15 y 53 y sostienen es parte de las tareas comunitarias realizadas por los vecinos que hoy ven en el espacio el fruto de su labor materializado.<\/p>\n<p>\u201cEstoy muy emocionado \u2013dijo Carlos Romero, uno de los responsables de la construcci\u00f3n del centro comunitario y quien cedi\u00f3 el espacio f\u00edsico para levantarlo-. El a\u00f1o pasado arrancamos con este sue\u00f1o y verlo hoy como una realidad es un motivo inmenso de orgullo y alegr\u00eda. Yo les quiero dar las gracias a todos los que colaboraron, y ahora les quiero pedir a los vecinos que lo disfruten, porque este espacio es de todos y para todos\u201d.<\/p>\n<p>En la inauguraci\u00f3n hubo mates, caf\u00e9, tortas, galletitas, un castillo inflable para los chicos y cerca de un centenar de invitados, entre ellos el propio \u2018Juani\u2019 Ustarroz y la concejala del Frente Mercedino Celeste Burone.<\/p>\n<p>Se exhibi\u00f3\u00a0un video con una secuencia fotogr\u00e1fica de lo que fue el avance de la obra y varios vecinos se sucedieron frente al micr\u00f3fono para agradecer el esfuerzo que demand\u00f3\u00a0el nuevo centro comunitario, como Ani Cabrera o Esteban Buzzalino. \u201cDesde que arrancamos en septiembre esper\u00e1bamos llegar a este momento \u2013dijeron-. Es un sue\u00f1o cumplido, una gran alegr\u00eda\u201d.<\/p>\n<p>El flamante sitio ser\u00e1\u00a0 utilizado a la manera de los que ya funcionan en otros barrios, como el emblem\u00e1tico \u201cLos Pampitas\u201d\u00a0en el Marchetti. Desde el Frente Mercedino ya se est\u00e1n organizando actividades de apoyo escolar y alfabetizaci\u00f3n, existe la idea de coordinar acciones con el hospital para llevar a cabo distintos programas (vacunaci\u00f3n gratuita, controles de salud) y tambi\u00e9n servir\u00e1 para la celebraci\u00f3n de los cumplea\u00f1os de los chicos de todo el Hip\u00f3lito Yrigoyen.<\/p>\n<p>Para el cierre de la inauguraci\u00f3n qued\u00f3\u00a0la palabra de \u2018Juani\u2019 Ustarroz. \u201cEsto es una s\u00edntesis de lo que creemos que debe ser la pol\u00edtica: la construcci\u00f3n de respuestas para la gente, para el vecino. Una herramienta que se utiliza con vocaci\u00f3n de servicio. Ac\u00e1 hay militancia, hay sacrificio, hay esfuerzo de todos sin m\u00e1s intenci\u00f3n que la de ayudar, ofrecer un servicio o una posible soluci\u00f3n, sin esperar a cambio m\u00e1s que esa satisfacci\u00f3n que produce poder dar un mano. Yo no puedo m\u00e1s que darles las gracias y felicitarlos de coraz\u00f3n; me pone orgulloso estar acompa\u00f1ado por personas como ustedes\u201d, se\u00f1al\u00f3.<\/p>\n<p><span style=\"color: #888888;\">Fuente: Frente Mercedino<\/span><\/p>\n","protected":false},"excerpt":{"rendered":"<p>Se llev\u00f3 a cabo la anunciada inauguraci\u00f3n del Centro Comunicatatio N\u00e9stor Kirchner en el Barrio Hip\u00f3lito Yrigoyen a trav\u00e9s de &#8230; <a title=\"Inauguran Centro Comunitario N\u00e9stor Kirchner en Barrio Hip\u00f3lito Yrigoyen\" class=\"read-more\" href=\"https:\/\/www.hoymercedes.com.ar\/principal\/2013\/07\/09\/inauguran-centro-comunitario-nestor-kirchner-en-barrio-hipolito-yrigoyen\/\" aria-label=\"Leer m\u00e1s sobre Inauguran Centro Comunitario N\u00e9stor Kirchner en Barrio Hip\u00f3lito Yrigoyen\">Leer m\u00e1s<\/a><\/p>\n","protected":false},"author":1,"featured_media":0,"comment_status":"open","ping_status":"open","sticky":false,"template":"","format":"standard","meta":{"_monsterinsights_skip_tracking":false,"_monsterinsights_sitenote_active":false,"_monsterinsights_sitenote_note":"","_monsterinsights_sitenote_category":0,"jetpack_post_was_ever_published":false,"_jetpack_newsletter_access":"","_jetpack_dont_email_post_to_subs":false,"_jetpack_newsletter_tier_id":0,"_jetpack_memberships_contains_paywalled_content":false,"_jetpack_memberships_contains_paid_content":false,"footnotes":"","jetpack_publicize_message":"","jetpack_publicize_feature_enabled":true,"jetpack_social_post_already_shared":true,"jetpack_social_options":{"image_generator_settings":{"template":"highway","default_image_id":0,"font":"","enabled":false},"version":2},"_wpas_customize_per_network":false},"categories":[5],"tags":[3624,379],"class_list":["post-23484","post","type-post","status-publish","format-standard","hentry","category-politica","tag-centro-comunitario-nestor-kirchner","tag-frente-mercedino-para-la-victoria","generate-columns","tablet-grid-50","mobile-grid-100","grid-parent","grid-50"],"jetpack_publicize_connections":[],"jetpack_featured_media_url":"","wps_subtitle":"","jetpack_sharing_enabled":true,"_links":{"self":[{"href":"https:\/\/www.hoymercedes.com.ar\/principal\/wp-json\/wp\/v2\/posts\/23484","targetHints":{"allow":["GET"]}}],"collection":[{"href":"https:\/\/www.hoymercedes.com.ar\/principal\/wp-json\/wp\/v2\/posts"}],"about":[{"href":"https:\/\/www.hoymercedes.com.ar\/principal\/wp-json\/wp\/v2\/types\/post"}],"author":[{"embeddable":true,"href":"https:\/\/www.hoymercedes.com.ar\/principal\/wp-json\/wp\/v2\/users\/1"}],"replies":[{"embeddable":true,"href":"https:\/\/www.hoymercedes.com.ar\/principal\/wp-json\/wp\/v2\/comments?post=23484"}],"version-history":[{"count":0,"href":"https:\/\/www.hoymercedes.com.ar\/principal\/wp-json\/wp\/v2\/posts\/23484\/revisions"}],"wp:attachment":[{"href":"https:\/\/www.hoymercedes.com.ar\/principal\/wp-json\/wp\/v2\/media?parent=23484"}],"wp:term":[{"taxonomy":"category","embeddable":true,"href":"https:\/\/www.hoymercedes.com.ar\/principal\/wp-json\/wp\/v2\/categories?post=23484"},{"taxonomy":"post_tag","embeddable":true,"href":"https:\/\/www.hoymercedes.com.ar\/principal\/wp-json\/wp\/v2\/tags?post=23484"}],"curies":[{"name":"wp","href":"https:\/\/api.w.org\/{rel}","templated":true}]}}