{"id":23521,"date":"2013-07-10T12:30:56","date_gmt":"2013-07-10T12:30:56","guid":{"rendered":"http:\/\/www.hoymercedes.com.ar\/principal\/?p=23521"},"modified":"2013-07-10T12:30:56","modified_gmt":"2013-07-10T12:30:56","slug":"ustarroz-me-encantaria-que-fuera-un-debate-de-propuestas-de-ideas-y-no-de-agravios","status":"publish","type":"post","link":"https:\/\/www.hoymercedes.com.ar\/principal\/2013\/07\/10\/ustarroz-me-encantaria-que-fuera-un-debate-de-propuestas-de-ideas-y-no-de-agravios\/","title":{"rendered":"Ustarroz: \u201cMe encantar\u00eda que fuera un debate de propuestas, de ideas, y no de agravios\u00bb"},"content":{"rendered":"<figure id=\"attachment_23523\" aria-describedby=\"caption-attachment-23523\" style=\"width: 610px\" class=\"wp-caption aligncenter\"><a href=\"https:\/\/www.hoymercedes.com.ar\/principal\/wp-content\/uploads\/2013\/07\/ustarroz.jpg\"><img loading=\"lazy\" decoding=\"async\" data-attachment-id=\"23523\" data-permalink=\"https:\/\/www.hoymercedes.com.ar\/principal\/2013\/07\/10\/ustarroz-me-encantaria-que-fuera-un-debate-de-propuestas-de-ideas-y-no-de-agravios\/ustarroz-5\/#main\" data-orig-file=\"https:\/\/www.hoymercedes.com.ar\/principal\/wp-content\/uploads\/2013\/07\/ustarroz.jpg\" data-orig-size=\"620,244\" data-comments-opened=\"1\" data-image-meta=\"{&quot;aperture&quot;:&quot;0&quot;,&quot;credit&quot;:&quot;&quot;,&quot;camera&quot;:&quot;&quot;,&quot;caption&quot;:&quot;&quot;,&quot;created_timestamp&quot;:&quot;0&quot;,&quot;copyright&quot;:&quot;&quot;,&quot;focal_length&quot;:&quot;0&quot;,&quot;iso&quot;:&quot;0&quot;,&quot;shutter_speed&quot;:&quot;0&quot;,&quot;title&quot;:&quot;&quot;}\" data-image-title=\"ustarroz\" data-image-description=\"\" data-image-caption=\"&lt;p&gt;Juan Ustarroz (Foto Facebook)&lt;\/p&gt;\n\" data-large-file=\"https:\/\/www.hoymercedes.com.ar\/principal\/wp-content\/uploads\/2013\/07\/ustarroz.jpg\" class=\"size-full wp-image-23523\" alt=\"Juan Ustarroz (Foto Facebook)\" src=\"https:\/\/www.hoymercedes.com.ar\/principal\/wp-content\/uploads\/2013\/07\/ustarroz.jpg\" width=\"620\" height=\"244\" \/><\/a><figcaption id=\"caption-attachment-23523\" class=\"wp-caption-text\">Juan Ustarroz (Foto Facebook)<\/figcaption><\/figure>\n<p><em><strong>Ustarroz sostuvo que espera ser parte de una campa\u00f1a de \u00abdebate y propuesta y no de agravios\u00bb y que entiende se debe controlar el destino del dinero de los vecinos\u00bb.<\/strong><\/em><\/p>\n<p>En relaci\u00f3n a su candidatura afirm\u00f3: <em>\u201cEn lo personal, es un orgullo que mis compa\u00f1eros de agrupaci\u00f3n me hayan pedido encabezar la lista \u2013agreg\u00f3-. Siempre tengo el m\u00e1ximo inter\u00e9s en trabajar por y para la ciudad, estableciendo una din\u00e1mica con todos los actores de la sociedad mercedina, tratando de llegar a todos los rincones. Siempre con vocaci\u00f3n de servicio. Por eso estoy orgulloso de la lista que presentamos, con gente honesta, id\u00f3nea y muchas ganas de trabajar. La verdad es que estamos muy contentos\u201d.<\/em><\/p>\n<p>En relaci\u00f3n directa a la campa\u00f1a afirm\u00f3: <em>\u201cMe encantar\u00eda que fuera un debate de propuestas, de ideas, y no de agravios. Un c\u00edrculo virtuoso para beneficio de la gente. Lamentablemente, desde el otro lado siempre han instalado una campa\u00f1a de otro tenor. En 2011 fue la Villa 31, ahora otras cosas, en fin. Todas mentiras de las que hemos hablado una por una. Pero no vamos a caer en esa l\u00f3gica, porque no le aporta nada a nadie. Ac\u00e1 hay que escuchar, poner los problemas de la gente sobre la mesa y tratar de resolverlos. Eso es la pol\u00edtica, y esa es la idea que, humildemente, les vamos a llevar a los vecinos, casa por casa, tocando cada timbre\u201d.<\/em><\/p>\n<p>\u201cNosotros podemos mostrar nuestra contracci\u00f3n al trabajo, porque nunca paramos. Despu\u00e9s de perder las elecciones de 2011 aprendimos de los errores, revisamos lo que hicimos mal y buscamos mejorar desde todos los aspectos, pero siempre seguimos trabajando, porque creemos en eso \u2013agreg\u00f3-. Y ahora nos toca redoblar los esfuerzos, contestando los agravios con acciones positivas. Yo me sum\u00e9 a la pol\u00edtica creyendo eso y lo voy a seguir sosteniendo, cerca del vecino. No hacemos alianzas para ganar votos sino que buscamos integrar a todos sin importar las diferencias. Queremos tener en el Concejo un bloque din\u00e1mico para resolver los problemas y ejercer un control estricto sobre el uso del dinero de la gente\u201d.<\/p>\n<p><strong>\u00a0Ruta N\u00ba5<\/strong><\/p>\n<p>En el terreno de algunas de las gestiones realizadas, Ustarroz destac\u00f3 \u201clos trabajos que ya se est\u00e1n haciendo\u201d sobre la autopista 5 (el mejoramiento de la calzada Luj\u00e1n-Mercedes), para lo que tambi\u00e9n resalt\u00f3 \u201cel esfuerzo de los vecinos de la Comisi\u00f3n de Usuarios Viales\u201d; y tambi\u00e9n se mostr\u00f3 ilusionado en lo que ser\u00e1 el desarrollo del proyecto integral de la Trocha, \u201ccon la puesta en valor del edificio y del predio, la llegada del N\u00facleo de Acceso al Conocimiento para permitir la inclusi\u00f3n digital, y lo que ser\u00e1 el cuidado constante sobre el lugar, que a partir del desaprovechamiento de todos estos a\u00f1os ha contribuido para que existan hechos de inseguridad\u201d.<\/p>\n<p><strong>\u00a0ProCreAr<\/strong><\/p>\n<p>\u2018Juani\u2019, adem\u00e1s, mostr\u00f3 su alegr\u00eda por la concreci\u00f3n de lo que ser\u00e1 el Desarrollo Urban\u00edstico para vecinos sin terreno del plan Procrear en el predio de la calle 6, entre las avenidas 17 y 29: \u201cLuego de que el Gobierno dejara sin efecto la concesi\u00f3n de terrenos a la empresa ALL, logramos desafectar este predio para el Procrear. Desde todos los sectores coincidimos en que era el mejor lugar, pero reci\u00e9n lo pudimos tener con la baja de la concesi\u00f3n a ALL \u2013explic\u00f3-. Y estamos muy contentos porque nos permite elevar el complejo de 250 a 290 viviendas\u201d.<\/p>\n<p>\u201cEste proyecto, que desde lo t\u00e9cnico y lo urban\u00edstico es muy bueno, tal como lo expres\u00f3 una palabra autorizada en el tema como lo es el arquitecto Juan Carlos Doratti, ofrece m\u00faltiples beneficios. Hay muchas familias esperanzadas, es empezar a solucionar el grave d\u00e9ficit habitacional que exhibe Mercedes y es una importante inversi\u00f3n para la ciudad. Creemos que en esta semana el intendente firmar\u00e1 el convenio, se har\u00e1 el llamado a licitaci\u00f3n y se definir\u00e1 la fecha del sorteo\u201d, afirm\u00f3.<\/p>\n","protected":false},"excerpt":{"rendered":"<p>Ustarroz sostuvo que espera ser parte de una campa\u00f1a de \u00abdebate y propuesta y no de agravios\u00bb y que entiende &#8230; <a title=\"Ustarroz: \u201cMe encantar\u00eda que fuera un debate de propuestas, de ideas, y no de agravios\u00bb\" class=\"read-more\" href=\"https:\/\/www.hoymercedes.com.ar\/principal\/2013\/07\/10\/ustarroz-me-encantaria-que-fuera-un-debate-de-propuestas-de-ideas-y-no-de-agravios\/\" aria-label=\"Leer m\u00e1s sobre Ustarroz: \u201cMe encantar\u00eda que fuera un debate de propuestas, de ideas, y no de agravios\u00bb\">Leer m\u00e1s<\/a><\/p>\n","protected":false},"author":1,"featured_media":0,"comment_status":"open","ping_status":"open","sticky":false,"template":"","format":"standard","meta":{"_monsterinsights_skip_tracking":false,"_monsterinsights_sitenote_active":false,"_monsterinsights_sitenote_note":"","_monsterinsights_sitenote_category":0,"jetpack_post_was_ever_published":false,"_jetpack_newsletter_access":"","_jetpack_dont_email_post_to_subs":false,"_jetpack_newsletter_tier_id":0,"_jetpack_memberships_contains_paywalled_content":false,"_jetpack_memberships_contains_paid_content":false,"footnotes":"","jetpack_publicize_message":"","jetpack_publicize_feature_enabled":true,"jetpack_social_post_already_shared":true,"jetpack_social_options":{"image_generator_settings":{"template":"highway","default_image_id":0,"font":"","enabled":false},"version":2},"_wpas_customize_per_network":false},"categories":[5],"tags":[1007,585],"class_list":["post-23521","post","type-post","status-publish","format-standard","hentry","category-politica","tag-frente-mercedino","tag-juan-ustarroz","generate-columns","tablet-grid-50","mobile-grid-100","grid-parent","grid-50"],"jetpack_publicize_connections":[],"jetpack_featured_media_url":"","wps_subtitle":"","jetpack_sharing_enabled":true,"_links":{"self":[{"href":"https:\/\/www.hoymercedes.com.ar\/principal\/wp-json\/wp\/v2\/posts\/23521","targetHints":{"allow":["GET"]}}],"collection":[{"href":"https:\/\/www.hoymercedes.com.ar\/principal\/wp-json\/wp\/v2\/posts"}],"about":[{"href":"https:\/\/www.hoymercedes.com.ar\/principal\/wp-json\/wp\/v2\/types\/post"}],"author":[{"embeddable":true,"href":"https:\/\/www.hoymercedes.com.ar\/principal\/wp-json\/wp\/v2\/users\/1"}],"replies":[{"embeddable":true,"href":"https:\/\/www.hoymercedes.com.ar\/principal\/wp-json\/wp\/v2\/comments?post=23521"}],"version-history":[{"count":0,"href":"https:\/\/www.hoymercedes.com.ar\/principal\/wp-json\/wp\/v2\/posts\/23521\/revisions"}],"wp:attachment":[{"href":"https:\/\/www.hoymercedes.com.ar\/principal\/wp-json\/wp\/v2\/media?parent=23521"}],"wp:term":[{"taxonomy":"category","embeddable":true,"href":"https:\/\/www.hoymercedes.com.ar\/principal\/wp-json\/wp\/v2\/categories?post=23521"},{"taxonomy":"post_tag","embeddable":true,"href":"https:\/\/www.hoymercedes.com.ar\/principal\/wp-json\/wp\/v2\/tags?post=23521"}],"curies":[{"name":"wp","href":"https:\/\/api.w.org\/{rel}","templated":true}]}}