{"id":23530,"date":"2013-07-10T12:44:54","date_gmt":"2013-07-10T12:44:54","guid":{"rendered":"http:\/\/www.hoymercedes.com.ar\/principal\/?p=23530"},"modified":"2013-07-10T12:44:54","modified_gmt":"2013-07-10T12:44:54","slug":"los-pasos-previos-se-suma-al-frente-mercedino-para-la-victoria","status":"publish","type":"post","link":"https:\/\/www.hoymercedes.com.ar\/principal\/2013\/07\/10\/los-pasos-previos-se-suma-al-frente-mercedino-para-la-victoria\/","title":{"rendered":"Los \u00abPasos previos\u00bb se suma al Frente Mercedino para la Victoria"},"content":{"rendered":"<figure id=\"attachment_23532\" aria-describedby=\"caption-attachment-23532\" style=\"width: 610px\" class=\"wp-caption aligncenter\"><a href=\"https:\/\/www.hoymercedes.com.ar\/principal\/wp-content\/uploads\/2013\/07\/Mart\u00ednAlvarez.jpg\"><img loading=\"lazy\" decoding=\"async\" data-attachment-id=\"23532\" data-permalink=\"https:\/\/www.hoymercedes.com.ar\/principal\/2013\/07\/10\/los-pasos-previos-se-suma-al-frente-mercedino-para-la-victoria\/martinalvarez\/#main\" data-orig-file=\"https:\/\/www.hoymercedes.com.ar\/principal\/wp-content\/uploads\/2013\/07\/Mart\u00ednAlvarez.jpg\" data-orig-size=\"620,297\" data-comments-opened=\"1\" data-image-meta=\"{&quot;aperture&quot;:&quot;0&quot;,&quot;credit&quot;:&quot;&quot;,&quot;camera&quot;:&quot;&quot;,&quot;caption&quot;:&quot;&quot;,&quot;created_timestamp&quot;:&quot;0&quot;,&quot;copyright&quot;:&quot;&quot;,&quot;focal_length&quot;:&quot;0&quot;,&quot;iso&quot;:&quot;0&quot;,&quot;shutter_speed&quot;:&quot;0&quot;,&quot;title&quot;:&quot;&quot;}\" data-image-title=\"Mart\u00ednAlvarez\" data-image-description=\"\" data-image-caption=\"&lt;p&gt;Mart\u00edn \u00c1lvarez&lt;\/p&gt;\n\" data-large-file=\"https:\/\/www.hoymercedes.com.ar\/principal\/wp-content\/uploads\/2013\/07\/Mart\u00ednAlvarez.jpg\" class=\"size-full wp-image-23532\" alt=\"Mart\u00edn \u00c1lvarez\" src=\"https:\/\/www.hoymercedes.com.ar\/principal\/wp-content\/uploads\/2013\/07\/Mart\u00ednAlvarez.jpg\" width=\"620\" height=\"297\" \/><\/a><figcaption id=\"caption-attachment-23532\" class=\"wp-caption-text\">Mart\u00edn \u00c1lvarez<\/figcaption><\/figure>\n<p><em><strong>Un nuevo espacio pol\u00edtico se suma al Frente Mercedino. En este caso se trata de \u00abLos Pasos Previos\u00bb, el grupo pol\u00edtico que en nuestra ciudad encabeza Mart\u00edn \u00c1lvarez y que se encuentra alineado al Ministro Florencia Randazzo.<\/strong><\/em><\/p>\n<p>Desde el espacio pol\u00edtico confirmaron que se incorporar a las tareas de la actual candidatura de Juan Ustarroz y el Frente Mercedino para la Victoria.<\/p>\n<p>Mart\u00edn \u00c1lvarez afirm\u00f3 a HoyMercedes: <em>\u00abestuvimos reunidos con Juani Ustarroz y decidimos brindarle nuestro acompa\u00f1amiento en estas elecciones, para seguir consolidando el modelo nacional y popular que \u00e9l y nosotros pretendemos seguir construyendo.\u00bb<\/em><\/p>\n<p>Martin Alvarez referente de Florencio Randazzo en Mercedes confirm\u00f3, de esta manera, el nuevo camino pol\u00edtico que encaran.<\/p>\n","protected":false},"excerpt":{"rendered":"<p>Un nuevo espacio pol\u00edtico se suma al Frente Mercedino. En este caso se trata de \u00abLos Pasos Previos\u00bb, el grupo &#8230; <a title=\"Los \u00abPasos previos\u00bb se suma al Frente Mercedino para la Victoria\" class=\"read-more\" href=\"https:\/\/www.hoymercedes.com.ar\/principal\/2013\/07\/10\/los-pasos-previos-se-suma-al-frente-mercedino-para-la-victoria\/\" aria-label=\"Leer m\u00e1s sobre Los \u00abPasos previos\u00bb se suma al Frente Mercedino para la Victoria\">Leer m\u00e1s<\/a><\/p>\n","protected":false},"author":1,"featured_media":0,"comment_status":"open","ping_status":"open","sticky":false,"template":"","format":"standard","meta":{"_monsterinsights_skip_tracking":false,"_monsterinsights_sitenote_active":false,"_monsterinsights_sitenote_note":"","_monsterinsights_sitenote_category":0,"jetpack_post_was_ever_published":false,"_jetpack_newsletter_access":"","_jetpack_dont_email_post_to_subs":false,"_jetpack_newsletter_tier_id":0,"_jetpack_memberships_contains_paywalled_content":false,"_jetpack_memberships_contains_paid_content":false,"footnotes":"","jetpack_publicize_message":"","jetpack_publicize_feature_enabled":true,"jetpack_social_post_already_shared":true,"jetpack_social_options":{"image_generator_settings":{"template":"highway","default_image_id":0,"font":"","enabled":false},"version":2},"_wpas_customize_per_network":false},"categories":[5],"tags":[585,3374,3455],"class_list":["post-23530","post","type-post","status-publish","format-standard","hentry","category-politica","tag-juan-ustarroz","tag-martin-alvarez","tag-pasos-previos","generate-columns","tablet-grid-50","mobile-grid-100","grid-parent","grid-50"],"jetpack_publicize_connections":[],"jetpack_featured_media_url":"","wps_subtitle":"","jetpack_sharing_enabled":true,"_links":{"self":[{"href":"https:\/\/www.hoymercedes.com.ar\/principal\/wp-json\/wp\/v2\/posts\/23530","targetHints":{"allow":["GET"]}}],"collection":[{"href":"https:\/\/www.hoymercedes.com.ar\/principal\/wp-json\/wp\/v2\/posts"}],"about":[{"href":"https:\/\/www.hoymercedes.com.ar\/principal\/wp-json\/wp\/v2\/types\/post"}],"author":[{"embeddable":true,"href":"https:\/\/www.hoymercedes.com.ar\/principal\/wp-json\/wp\/v2\/users\/1"}],"replies":[{"embeddable":true,"href":"https:\/\/www.hoymercedes.com.ar\/principal\/wp-json\/wp\/v2\/comments?post=23530"}],"version-history":[{"count":0,"href":"https:\/\/www.hoymercedes.com.ar\/principal\/wp-json\/wp\/v2\/posts\/23530\/revisions"}],"wp:attachment":[{"href":"https:\/\/www.hoymercedes.com.ar\/principal\/wp-json\/wp\/v2\/media?parent=23530"}],"wp:term":[{"taxonomy":"category","embeddable":true,"href":"https:\/\/www.hoymercedes.com.ar\/principal\/wp-json\/wp\/v2\/categories?post=23530"},{"taxonomy":"post_tag","embeddable":true,"href":"https:\/\/www.hoymercedes.com.ar\/principal\/wp-json\/wp\/v2\/tags?post=23530"}],"curies":[{"name":"wp","href":"https:\/\/api.w.org\/{rel}","templated":true}]}}