{"id":2355,"date":"2011-02-23T03:56:53","date_gmt":"2011-02-23T03:56:53","guid":{"rendered":"http:\/\/www.hoymercedes.com.ar\/principal\/?p=2355"},"modified":"2011-02-23T03:56:53","modified_gmt":"2011-02-23T03:56:53","slug":"el-concejo-concreto-una-sesion-extraordinaria-muy-iluminada","status":"publish","type":"post","link":"https:\/\/www.hoymercedes.com.ar\/principal\/2011\/02\/23\/el-concejo-concreto-una-sesion-extraordinaria-muy-iluminada\/","title":{"rendered":"El Concejo concret\u00f3 una sesi\u00f3n extraordinaria muy iluminada"},"content":{"rendered":"<p style=\"text-align: justify;\">El Cuerpo Deliberativo de nuestra ciudad concret\u00f3 el martes la primera sesi\u00f3n extraordinaria del 2011 con un orden del dia que conten\u00eda 196 fojas, es decir 196 temas diferentes.<\/p>\n<p style=\"text-align: justify;\">\nAlgunos dieron en llamar a la sesi\u00f3n como un encuentro \u00abmuy iluminado\u00bb ya que durante el transcurso de la reuni\u00f3n sobre tablas y por unanimidad se aprob\u00f3 la instalaci\u00f3n de m\u00e1s de treinta nuevas luminarias en diferentes sectores de la ciudad entre los cuales se encuentra la avenbida 40 desde 35 a 39 donde se instalar\u00e1n seis columnas en los canteros centrales de dos brazos y la calle H\u00e9roes de Malvinas, ex Rep\u00fablica de Chile, donde desde 66 a 70 se instalar\u00e1n tambi\u00e9n seis nuevas columnas lum\u00ednicas.<\/p>\n<p style=\"text-align: justify;\">\nPor otra parte el Cuerpo dio su visto bueno a la firma de tres convenios por parte del municipio con el gobierno bonaerense, son ellos el que implementaci\u00f3n del programa de fortalecimiento del peque\u00f1o productor lechero, el convenio de jerarquizaci\u00f3n de accesos a los barrios por lo cual la comuna recibir\u00e1 desde el Ministerio de infraestructura bonaerense Quinientos Mil Pesos a trav\u00e9s de un subsidio no reintegrable y el que se firm\u00f3 con el Ministerio de Justicia y Seguridad para implementar un nuevo programa de monitoreo en diferentes sectores de la ciudad con alrededor de veinte nuevas c\u00e1ras de video.<\/p>\n<p style=\"text-align: justify;\">\nCon relaci\u00f3n a los dos proyectos de ordenanza que tienen que ver con la localidad de Tom\u00e1s Jofre y las actividades que en la misma se efect\u00faan, el primero suspendiendo por un a\u00f1o el otorgamiento de nuevas habilitaciones para la instalaci\u00f3n de parrillas, comedores y confiter\u00eda, y el segundo regulando la venta de artesan\u00edas y productos regionales del lugar, los mismos fueron girados para su estudio a la Comisi\u00f3n de Legislaci\u00f3n.<\/p>\n<p style=\"text-align: justify;\">\nFuera del orden del dia el Departamento Ejecutivo present\u00f3 otros tres proyectos de ordenanza consideradas como regulatorias de diferentes actividades que se desarrollan en la ciudad como ser la venta ambulante de las denominadas comidas r\u00e1pidas, la existencia\u00a0 de locales donde desarrollan tareas los denominados grupos de teatro independientes y en tercer t\u00e9rmino la modificaci\u00f3n de una ordenanza sancionada el a\u00f1o pasado que tiene que ver con las sanciones que puedan ser pasibles aquellas personas que en la v\u00eda publica coloque carteles, murales, pasacalle o concrete escrituras sin el correspondiente permiso oficial, los tres proyectos tambi\u00e9n fueron girados a Comisi\u00f3n.<\/p>\n","protected":false},"excerpt":{"rendered":"<p>El Cuerpo Deliberativo de nuestra ciudad concret\u00f3 el martes la primera sesi\u00f3n extraordinaria del 2011 con un orden del dia &#8230; <a title=\"El Concejo concret\u00f3 una sesi\u00f3n extraordinaria muy iluminada\" class=\"read-more\" href=\"https:\/\/www.hoymercedes.com.ar\/principal\/2011\/02\/23\/el-concejo-concreto-una-sesion-extraordinaria-muy-iluminada\/\" aria-label=\"Leer m\u00e1s sobre El Concejo concret\u00f3 una sesi\u00f3n extraordinaria muy iluminada\">Leer m\u00e1s<\/a><\/p>\n","protected":false},"author":1,"featured_media":0,"comment_status":"open","ping_status":"open","sticky":false,"template":"","format":"standard","meta":{"_monsterinsights_skip_tracking":false,"_monsterinsights_sitenote_active":false,"_monsterinsights_sitenote_note":"","_monsterinsights_sitenote_category":0,"jetpack_post_was_ever_published":false,"_jetpack_newsletter_access":"","_jetpack_dont_email_post_to_subs":false,"_jetpack_newsletter_tier_id":0,"_jetpack_memberships_contains_paywalled_content":false,"_jetpack_memberships_contains_paid_content":false,"footnotes":"","jetpack_publicize_message":"","jetpack_publicize_feature_enabled":true,"jetpack_social_post_already_shared":false,"jetpack_social_options":{"image_generator_settings":{"template":"highway","default_image_id":0,"font":"","enabled":false},"version":2},"_wpas_customize_per_network":false},"categories":[5],"tags":[497],"class_list":["post-2355","post","type-post","status-publish","format-standard","hentry","category-politica","tag-consejo-delibetante-mercedes","generate-columns","tablet-grid-50","mobile-grid-100","grid-parent","grid-50"],"jetpack_publicize_connections":[],"jetpack_featured_media_url":"","wps_subtitle":"","jetpack_sharing_enabled":true,"_links":{"self":[{"href":"https:\/\/www.hoymercedes.com.ar\/principal\/wp-json\/wp\/v2\/posts\/2355","targetHints":{"allow":["GET"]}}],"collection":[{"href":"https:\/\/www.hoymercedes.com.ar\/principal\/wp-json\/wp\/v2\/posts"}],"about":[{"href":"https:\/\/www.hoymercedes.com.ar\/principal\/wp-json\/wp\/v2\/types\/post"}],"author":[{"embeddable":true,"href":"https:\/\/www.hoymercedes.com.ar\/principal\/wp-json\/wp\/v2\/users\/1"}],"replies":[{"embeddable":true,"href":"https:\/\/www.hoymercedes.com.ar\/principal\/wp-json\/wp\/v2\/comments?post=2355"}],"version-history":[{"count":0,"href":"https:\/\/www.hoymercedes.com.ar\/principal\/wp-json\/wp\/v2\/posts\/2355\/revisions"}],"wp:attachment":[{"href":"https:\/\/www.hoymercedes.com.ar\/principal\/wp-json\/wp\/v2\/media?parent=2355"}],"wp:term":[{"taxonomy":"category","embeddable":true,"href":"https:\/\/www.hoymercedes.com.ar\/principal\/wp-json\/wp\/v2\/categories?post=2355"},{"taxonomy":"post_tag","embeddable":true,"href":"https:\/\/www.hoymercedes.com.ar\/principal\/wp-json\/wp\/v2\/tags?post=2355"}],"curies":[{"name":"wp","href":"https:\/\/api.w.org\/{rel}","templated":true}]}}