{"id":23553,"date":"2013-07-11T12:55:41","date_gmt":"2013-07-11T12:55:41","guid":{"rendered":"http:\/\/www.hoymercedes.com.ar\/principal\/?p=23553"},"modified":"2013-07-11T12:55:41","modified_gmt":"2013-07-11T12:55:41","slug":"cestari-recorrio-y-evaluo-la-zona-de-tomas-jofre","status":"publish","type":"post","link":"https:\/\/www.hoymercedes.com.ar\/principal\/2013\/07\/11\/cestari-recorrio-y-evaluo-la-zona-de-tomas-jofre\/","title":{"rendered":"Cestari recorri\u00f3 y evalu\u00f3 la zona de Tom\u00e1s Jofr\u00e9"},"content":{"rendered":"<figure id=\"attachment_23555\" aria-describedby=\"caption-attachment-23555\" style=\"width: 610px\" class=\"wp-caption aligncenter\"><a href=\"https:\/\/www.hoymercedes.com.ar\/principal\/wp-content\/uploads\/2013\/07\/colectoraJofre.jpg\"><img loading=\"lazy\" decoding=\"async\" data-attachment-id=\"23555\" data-permalink=\"https:\/\/www.hoymercedes.com.ar\/principal\/2013\/07\/11\/cestari-recorrio-y-evaluo-la-zona-de-tomas-jofre\/colectorajofre\/#main\" data-orig-file=\"https:\/\/www.hoymercedes.com.ar\/principal\/wp-content\/uploads\/2013\/07\/colectoraJofre.jpg\" data-orig-size=\"620,827\" data-comments-opened=\"1\" data-image-meta=\"{&quot;aperture&quot;:&quot;9.1&quot;,&quot;credit&quot;:&quot;&quot;,&quot;camera&quot;:&quot;DSC-W620&quot;,&quot;caption&quot;:&quot;&quot;,&quot;created_timestamp&quot;:&quot;1372344466&quot;,&quot;copyright&quot;:&quot;&quot;,&quot;focal_length&quot;:&quot;5&quot;,&quot;iso&quot;:&quot;100&quot;,&quot;shutter_speed&quot;:&quot;0.0125&quot;,&quot;title&quot;:&quot;&quot;}\" data-image-title=\"colectoraJofre\" data-image-description=\"\" data-image-caption=\"&lt;p&gt;Colectora a Jofr\u00e9&lt;\/p&gt;\n\" data-large-file=\"https:\/\/www.hoymercedes.com.ar\/principal\/wp-content\/uploads\/2013\/07\/colectoraJofre.jpg\" class=\"size-full wp-image-23555\" alt=\"Colectora a Jofr\u00e9\" src=\"https:\/\/www.hoymercedes.com.ar\/principal\/wp-content\/uploads\/2013\/07\/colectoraJofre.jpg\" width=\"620\" height=\"827\" srcset=\"https:\/\/www.hoymercedes.com.ar\/principal\/wp-content\/uploads\/2013\/07\/colectoraJofre.jpg 620w, https:\/\/www.hoymercedes.com.ar\/principal\/wp-content\/uploads\/2013\/07\/colectoraJofre-464x620.jpg 464w\" sizes=\"auto, (max-width: 620px) 100vw, 620px\" \/><\/a><figcaption id=\"caption-attachment-23555\" class=\"wp-caption-text\">Colectora a Jofr\u00e9<\/figcaption><\/figure>\n<p><em><strong>El actual candidato por la reelecci\u00f3n del MIC llev\u00f3 adelante una recorrida por diversas zonas de la ciudad entra las cuales se encontr\u00f3 Tom\u00e1s Jofr\u00e9 (Jorge Born) efectuando un balance de lo que encontr\u00f3 observ\u00e1ndolo en los conocimientos t\u00e9cnicos que pose\u00eda de diversos aspectos, como obras y servicios.<\/strong><\/em><\/p>\n<p>Desde el MIC Comentaron: <em>\u00abLa metodolog\u00eda de trabajo del MIC, desde sus or\u00edgenes, es visitar, escuchar y dialogar con los vecinos de todo el Partido de Mercedes. En campa\u00f1a electoral se seguir\u00e1 haci\u00e9ndolo.<\/em><br \/>\n<em>\u201cSi bien no tenemos recursos econ\u00f3micos podemos presentar proyectos para gestionar mejoras en la calidad de vida de los mercedinos\u201d dijo Juan Carlos Badano segundo precandidato a Concejal de esta Agrupaci\u00f3n Vecinal.<\/em><br \/>\n<em>Es as\u00ed que el m\u00e1ximo referente del MIC, Jos\u00e9 Cestari, junto a candidatos y militantes visitaron la localidad de Jorge Born (Tom\u00e1s Jofr\u00e9).<\/em><br \/>\n<em>Problemas de accesibilidad.\u00bb<\/em><\/p>\n<p><strong>Manifestaron observar:\u00a0<\/strong><\/p>\n<p>Se observ\u00f3 un gran deterioro en la conexi\u00f3n de la Ruta Nacional N\u00b0 5 y el camino colector hacia la rotonda de desv\u00edo a la Ruta Provincial N\u00b0 42, asimismo est\u00e1 presenta falta de se\u00f1alizaci\u00f3n horizontal. Se presentaron dos Proyectos en el HCD.<br \/>\n1) El HCD se dirige a la Empresa Homaq para solicitar la reparaci\u00f3n de baches y grandes desniveles que presenta el tramo que comunica la Ruta Nacional N\u00b0 5 con la colectora de ingreso a la rotonda de desv\u00edo a la Ruta Provincial N\u00b0 42 en el sentido de circulaci\u00f3n Mercedes \u2013 Luj\u00e1n.<br \/>\n2) El HCD se dirige a la Direcci\u00f3n de Vialidad de la Provincia de Buenos Aires para solicitar la se\u00f1alizaci\u00f3n horizontal (demarcaci\u00f3n de separaci\u00f3n de carriles) en la Ruta Provincial N\u00b0 42 en el tramo Gowland \u2013 Jorge Born (Tom\u00e1s Jofr\u00e9) del Partido de Mercedes. Provincia de Buenos Aires.<br \/>\nFinalizaci\u00f3n y mejoramiento de servicios e infraestructura.<br \/>\nSe escuch\u00f3 a los vecinos y se observ\u00f3 que no est\u00e1 concluido el servicio de agua corriente que posibilite el acceso a los domicilios.<br \/>\nTambi\u00e9n se recorri\u00f3 la Plaza Principal del Pueblo y se observ\u00f3 la necesidad del mejoramiento del empedrado que cubre la senda peatonal para transitar por la feria artesanal.<br \/>\nTambi\u00e9n se presentaron dos proyectos:<br \/>\n1) \u00a0 \u00a0 \u00a0En consideraci\u00f3n a la informaci\u00f3n oficial\u00a0<a href=\"http:\/\/www.mercedes.gob.ar\/prensa\/index.php\/prensa-y-protocolo\/149-el-pueblo-d\" target=\"_blank\" rel=\"noopener\">http:\/\/www.mercedes.gob.ar\/<wbr \/>prensa\/index.php\/prensa-y-<wbr \/>protocolo\/149-el-pueblo-d<\/a>publicada el 2 de julio de 2012 expresa:<br \/>\n&#8211; \u00a0 \u00a0 \u00a0 Desde el municipio han informado que est\u00e1 llegando a su culminaci\u00f3n la obra de provisi\u00f3n de agua potable en Tom\u00e1s Jofr\u00e9.<br \/>\n&#8211; \u00a0 \u00a0 \u00a0 La licitaci\u00f3n p\u00fablica fue ganada por la Empresa BYMO S.A. de la ciudad de La Plata, por una inversi\u00f3n de $ 1.883.000<br \/>\n&#8211; \u00a0 \u00a0 \u00a0 La obra consisti\u00f3 en la instalaci\u00f3n de un tanque de reserva de 25.000 litros en un sector del predio que el municipio pusiera a disposici\u00f3n de la obra, lindante al SUM de Tom\u00e1s Jofr\u00e9 en calles 809 esquina 804. Adem\u00e1s se concret\u00f3 la ejecuci\u00f3n de 2 pozos de extracci\u00f3n de agua de 15.000 litros por hora cada uno, 600 metros de ca\u00f1er\u00eda de impulsi\u00f3n, 400 metros de \u00a0conducci\u00f3n de 75mm de di\u00e1metro y 600 metros de ca\u00f1er\u00eda de distribuci\u00f3n. El proyecto contempl\u00f3 la ejecuci\u00f3n de 100 conexiones domiciliarias.<br \/>\n&#8211; \u00a0 \u00a0 \u00a0 Adem\u00e1s, la obra contempla en el predio otorgado por el Municipio, una sala de 2 oficinas, ba\u00f1o y cocina para el personal administrativo.<br \/>\n&#8211; \u00a0 \u00a0 \u00a0 Sorpresa fue cuando en estos d\u00edas, y bajo las inspecciones que el municipio realiza sistem\u00e1ticamente a las obras, se comprob\u00f3 que se ha avanzado notablemente la construcci\u00f3n de la misma, ya que la red domiciliaria de todas las cuadras urbanas y la ca\u00f1er\u00eda de impulsi\u00f3n ya est\u00e1n culminadas. \u201cVemos un gran avance en la instalaci\u00f3n del tanque de reserva y la sala de administraci\u00f3n y comando y la ejecuci\u00f3n de las 2 tomas de extracci\u00f3n de agua de las napas subterr\u00e1neas. Es muy poco lo que resta por instalar para que la Localidad de Tomas Jofre pueda gozar de agua potable\u201d, sostuvo el secretario de Obras P\u00fablicas Gustavo Salomone.<br \/>\nQue se visit\u00f3 la localidad de Tom\u00e1s Jofr\u00e9 y varios vecinos nos informan que a\u00fan no tienen el servicio de agua corriente en sus domicilios.<\/p>\n<p>Tras las observaciones y afirmaciones, desde el MIC efectuaron un proyecto de ordenanza que es el siguiente:<\/p>\n<p style=\"padding-left: 60px;\">\nAnte lo expuesto el Bloque MIC promueve el siguiente proyecto de:<br \/>\nRESOLUCI\u00d3N<br \/>\nArt. 1\u00b0. El HCD se dirige al DE para que informe<br \/>\na) \u00a0 \u00a0 \u00a0Si la Empresa BYMO S.A. de la ciudad de La Plata, que por licitaci\u00f3n p\u00fablica se comprometi\u00f3 a la instalaci\u00f3n de la obra de agua potable en la localidad de Tom\u00e1s Jofr\u00e9, finaliz\u00f3 la misma.<br \/>\nb) \u00a0 \u00a0 \u00a0En caso de que est\u00e9 inconclusa \u00bfqu\u00e9 falta y cu\u00e1les son los motivos?<br \/>\n2) Considerando que los d\u00edas de precipitaciones y posteriores el barro obstaculiza el desplazamiento de los visitantes a los puestos de artesanos.<br \/>\nAnte lo expuesto el Bloque MIC promueve el siguiente proyecto de:<br \/>\nRESOLUCI\u00d3N<br \/>\nArt. 1\u00b0. El HCD se dirige al DE para que mejore el empedrado de la senda de circulaci\u00f3n de visitantes a los puestos de artesanos de la Plaza de Tom\u00e1s Jofr\u00e9.<br \/>\nEl 11 de agosto, entre otras categor\u00edas, se eligen concejales que propongan y controlen, el MIC demostr\u00f3, sigue trabajando y lo seguir\u00e1 haciendo si el mercedino lo acompa\u00f1a con el voto.<\/p>\n","protected":false},"excerpt":{"rendered":"<p>El actual candidato por la reelecci\u00f3n del MIC llev\u00f3 adelante una recorrida por diversas zonas de la ciudad entra las &#8230; <a title=\"Cestari recorri\u00f3 y evalu\u00f3 la zona de Tom\u00e1s Jofr\u00e9\" class=\"read-more\" href=\"https:\/\/www.hoymercedes.com.ar\/principal\/2013\/07\/11\/cestari-recorrio-y-evaluo-la-zona-de-tomas-jofre\/\" aria-label=\"Leer m\u00e1s sobre Cestari recorri\u00f3 y evalu\u00f3 la zona de Tom\u00e1s Jofr\u00e9\">Leer m\u00e1s<\/a><\/p>\n","protected":false},"author":1,"featured_media":0,"comment_status":"open","ping_status":"open","sticky":false,"template":"","format":"standard","meta":{"_monsterinsights_skip_tracking":false,"_monsterinsights_sitenote_active":false,"_monsterinsights_sitenote_note":"","_monsterinsights_sitenote_category":0,"jetpack_post_was_ever_published":false,"_jetpack_newsletter_access":"","_jetpack_dont_email_post_to_subs":false,"_jetpack_newsletter_tier_id":0,"_jetpack_memberships_contains_paywalled_content":false,"_jetpack_memberships_contains_paid_content":false,"footnotes":"","jetpack_publicize_message":"","jetpack_publicize_feature_enabled":true,"jetpack_social_post_already_shared":true,"jetpack_social_options":{"image_generator_settings":{"template":"highway","default_image_id":0,"font":"","enabled":false},"version":2},"_wpas_customize_per_network":false},"categories":[5],"tags":[321,594],"class_list":["post-23553","post","type-post","status-publish","format-standard","hentry","category-politica","tag-jose-cestari","tag-tomas-jofre","generate-columns","tablet-grid-50","mobile-grid-100","grid-parent","grid-50"],"jetpack_publicize_connections":[],"jetpack_featured_media_url":"","wps_subtitle":"","jetpack_sharing_enabled":true,"_links":{"self":[{"href":"https:\/\/www.hoymercedes.com.ar\/principal\/wp-json\/wp\/v2\/posts\/23553","targetHints":{"allow":["GET"]}}],"collection":[{"href":"https:\/\/www.hoymercedes.com.ar\/principal\/wp-json\/wp\/v2\/posts"}],"about":[{"href":"https:\/\/www.hoymercedes.com.ar\/principal\/wp-json\/wp\/v2\/types\/post"}],"author":[{"embeddable":true,"href":"https:\/\/www.hoymercedes.com.ar\/principal\/wp-json\/wp\/v2\/users\/1"}],"replies":[{"embeddable":true,"href":"https:\/\/www.hoymercedes.com.ar\/principal\/wp-json\/wp\/v2\/comments?post=23553"}],"version-history":[{"count":0,"href":"https:\/\/www.hoymercedes.com.ar\/principal\/wp-json\/wp\/v2\/posts\/23553\/revisions"}],"wp:attachment":[{"href":"https:\/\/www.hoymercedes.com.ar\/principal\/wp-json\/wp\/v2\/media?parent=23553"}],"wp:term":[{"taxonomy":"category","embeddable":true,"href":"https:\/\/www.hoymercedes.com.ar\/principal\/wp-json\/wp\/v2\/categories?post=23553"},{"taxonomy":"post_tag","embeddable":true,"href":"https:\/\/www.hoymercedes.com.ar\/principal\/wp-json\/wp\/v2\/tags?post=23553"}],"curies":[{"name":"wp","href":"https:\/\/api.w.org\/{rel}","templated":true}]}}