{"id":23561,"date":"2013-07-11T14:40:23","date_gmt":"2013-07-11T14:40:23","guid":{"rendered":"http:\/\/www.hoymercedes.com.ar\/principal\/?p=23561"},"modified":"2013-07-11T14:40:23","modified_gmt":"2013-07-11T14:40:23","slug":"tribunal-de-casacion-libera-a-silvia-luna-condenada-en-mercedes","status":"publish","type":"post","link":"https:\/\/www.hoymercedes.com.ar\/principal\/2013\/07\/11\/tribunal-de-casacion-libera-a-silvia-luna-condenada-en-mercedes\/","title":{"rendered":"Tribunal de Casaci\u00f3n libera a Silvia Luna, condenada en Mercedes"},"content":{"rendered":"<p><a href=\"https:\/\/www.hoymercedes.com.ar\/principal\/wp-content\/uploads\/2013\/07\/silvia-luna.jpg\"><img loading=\"lazy\" decoding=\"async\" data-attachment-id=\"23563\" data-permalink=\"https:\/\/www.hoymercedes.com.ar\/principal\/2013\/07\/11\/tribunal-de-casacion-libera-a-silvia-luna-condenada-en-mercedes\/silvia-luna\/#main\" data-orig-file=\"https:\/\/www.hoymercedes.com.ar\/principal\/wp-content\/uploads\/2013\/07\/silvia-luna.jpg\" data-orig-size=\"620,348\" data-comments-opened=\"1\" data-image-meta=\"{&quot;aperture&quot;:&quot;0&quot;,&quot;credit&quot;:&quot;&quot;,&quot;camera&quot;:&quot;&quot;,&quot;caption&quot;:&quot;&quot;,&quot;created_timestamp&quot;:&quot;0&quot;,&quot;copyright&quot;:&quot;&quot;,&quot;focal_length&quot;:&quot;0&quot;,&quot;iso&quot;:&quot;0&quot;,&quot;shutter_speed&quot;:&quot;0&quot;,&quot;title&quot;:&quot;&quot;}\" data-image-title=\"silvia-luna\" data-image-description=\"\" data-image-caption=\"\" data-large-file=\"https:\/\/www.hoymercedes.com.ar\/principal\/wp-content\/uploads\/2013\/07\/silvia-luna.jpg\" class=\"aligncenter size-full wp-image-23563\" alt=\"silvia-luna\" src=\"https:\/\/www.hoymercedes.com.ar\/principal\/wp-content\/uploads\/2013\/07\/silvia-luna.jpg\" width=\"620\" height=\"348\" \/><\/a><\/p>\n<p><em><strong>El caso de Silvia Luna se ha hecho ampliamente conocido por las caracter\u00edsticas que tuvo. Silvia \u00a0mat\u00f3 de un\u00a0mazazo\u00a0a su compa\u00f1era de trabajo, motivo por el cual fue detenida y encerrada. La justicia actuante fue la de Mercedes dado que se trataba de un hecho vivido en \u00a0General Las Heras.<\/strong><\/em><\/p>\n<p>La condena de la justicia mercedina hab\u00eda sido de diez a\u00f1os, pero, tras un giro en la causa y una serie de reclamos El Tribunal de Casaci\u00f3n Penal bonaerense redujo de diez a cuatro los a\u00f1os. Es por tal motivo que tras lo a\u00f1os que estuvo presa se pudo concretar la liberaci\u00f3n. El cambio se debi\u00f3 a que se consider\u00f3 Luna pudo haber actuado bajo \u00abemoci\u00f3n violenta\u00bb.<\/p>\n<p>Un mazazo de cocina le dio a su compa\u00f1era de trabajo, Carla Bruzzoni, que perdi\u00f3 la vida. \u00a0La familia de Bruzzoni, tras conocer la liberaci\u00f3n, inform\u00f3 que no apelar\u00e1 y no buscar\u00e1 regrese a prisi\u00f3n dado que creen es \u00abre &#8211; victimizarse\u00bb y revivir todo nuevamente.<\/p>\n","protected":false},"excerpt":{"rendered":"<p>El caso de Silvia Luna se ha hecho ampliamente conocido por las caracter\u00edsticas que tuvo. Silvia \u00a0mat\u00f3 de un\u00a0mazazo\u00a0a su &#8230; <a title=\"Tribunal de Casaci\u00f3n libera a Silvia Luna, condenada en Mercedes\" class=\"read-more\" href=\"https:\/\/www.hoymercedes.com.ar\/principal\/2013\/07\/11\/tribunal-de-casacion-libera-a-silvia-luna-condenada-en-mercedes\/\" aria-label=\"Leer m\u00e1s sobre Tribunal de Casaci\u00f3n libera a Silvia Luna, condenada en Mercedes\">Leer m\u00e1s<\/a><\/p>\n","protected":false},"author":1,"featured_media":0,"comment_status":"open","ping_status":"open","sticky":false,"template":"","format":"standard","meta":{"_monsterinsights_skip_tracking":false,"_monsterinsights_sitenote_active":false,"_monsterinsights_sitenote_note":"","_monsterinsights_sitenote_category":0,"jetpack_post_was_ever_published":false,"_jetpack_newsletter_access":"","_jetpack_dont_email_post_to_subs":false,"_jetpack_newsletter_tier_id":0,"_jetpack_memberships_contains_paywalled_content":false,"_jetpack_memberships_contains_paid_content":false,"footnotes":"","jetpack_publicize_message":"","jetpack_publicize_feature_enabled":true,"jetpack_social_post_already_shared":true,"jetpack_social_options":{"image_generator_settings":{"template":"highway","default_image_id":0,"font":"","enabled":false},"version":2},"_wpas_customize_per_network":false},"categories":[85],"tags":[3636],"class_list":["post-23561","post","type-post","status-publish","format-standard","hentry","category-policial","tag-silvia-luna","generate-columns","tablet-grid-50","mobile-grid-100","grid-parent","grid-50"],"jetpack_publicize_connections":[],"jetpack_featured_media_url":"","wps_subtitle":"","jetpack_sharing_enabled":true,"_links":{"self":[{"href":"https:\/\/www.hoymercedes.com.ar\/principal\/wp-json\/wp\/v2\/posts\/23561","targetHints":{"allow":["GET"]}}],"collection":[{"href":"https:\/\/www.hoymercedes.com.ar\/principal\/wp-json\/wp\/v2\/posts"}],"about":[{"href":"https:\/\/www.hoymercedes.com.ar\/principal\/wp-json\/wp\/v2\/types\/post"}],"author":[{"embeddable":true,"href":"https:\/\/www.hoymercedes.com.ar\/principal\/wp-json\/wp\/v2\/users\/1"}],"replies":[{"embeddable":true,"href":"https:\/\/www.hoymercedes.com.ar\/principal\/wp-json\/wp\/v2\/comments?post=23561"}],"version-history":[{"count":0,"href":"https:\/\/www.hoymercedes.com.ar\/principal\/wp-json\/wp\/v2\/posts\/23561\/revisions"}],"wp:attachment":[{"href":"https:\/\/www.hoymercedes.com.ar\/principal\/wp-json\/wp\/v2\/media?parent=23561"}],"wp:term":[{"taxonomy":"category","embeddable":true,"href":"https:\/\/www.hoymercedes.com.ar\/principal\/wp-json\/wp\/v2\/categories?post=23561"},{"taxonomy":"post_tag","embeddable":true,"href":"https:\/\/www.hoymercedes.com.ar\/principal\/wp-json\/wp\/v2\/tags?post=23561"}],"curies":[{"name":"wp","href":"https:\/\/api.w.org\/{rel}","templated":true}]}}