{"id":23585,"date":"2013-07-12T13:18:12","date_gmt":"2013-07-12T13:18:12","guid":{"rendered":"http:\/\/www.hoymercedes.com.ar\/principal\/?p=23585"},"modified":"2013-07-12T13:18:12","modified_gmt":"2013-07-12T13:18:12","slug":"carlos-selva-entrego-computadoras-a-escuela-agraria","status":"publish","type":"post","link":"https:\/\/www.hoymercedes.com.ar\/principal\/2013\/07\/12\/carlos-selva-entrego-computadoras-a-escuela-agraria\/","title":{"rendered":"Carlos Selva entreg\u00f3 computadoras a Escuela Agraria"},"content":{"rendered":"<p><a href=\"https:\/\/www.hoymercedes.com.ar\/principal\/wp-content\/uploads\/2013\/07\/selva.pc_.agraria2.jpg\"><img loading=\"lazy\" decoding=\"async\" data-attachment-id=\"23588\" data-permalink=\"https:\/\/www.hoymercedes.com.ar\/principal\/2013\/07\/12\/carlos-selva-entrego-computadoras-a-escuela-agraria\/selva-pc-agraria2\/#main\" data-orig-file=\"https:\/\/www.hoymercedes.com.ar\/principal\/wp-content\/uploads\/2013\/07\/selva.pc_.agraria2.jpg\" data-orig-size=\"620,413\" data-comments-opened=\"1\" data-image-meta=\"{&quot;aperture&quot;:&quot;3.5&quot;,&quot;credit&quot;:&quot;&quot;,&quot;camera&quot;:&quot;NIKON D3100&quot;,&quot;caption&quot;:&quot;&quot;,&quot;created_timestamp&quot;:&quot;1373212326&quot;,&quot;copyright&quot;:&quot;&quot;,&quot;focal_length&quot;:&quot;18&quot;,&quot;iso&quot;:&quot;3200&quot;,&quot;shutter_speed&quot;:&quot;0.016666666666667&quot;,&quot;title&quot;:&quot;&quot;}\" data-image-title=\"selva.pc.agraria2\" data-image-description=\"\" data-image-caption=\"\" data-large-file=\"https:\/\/www.hoymercedes.com.ar\/principal\/wp-content\/uploads\/2013\/07\/selva.pc_.agraria2.jpg\" class=\"aligncenter size-full wp-image-23588\" alt=\"selva.pc.agraria2\" src=\"https:\/\/www.hoymercedes.com.ar\/principal\/wp-content\/uploads\/2013\/07\/selva.pc_.agraria2.jpg\" width=\"620\" height=\"413\" \/><\/a><\/p>\n<p>El acto se llev\u00f3 \u00a0a cabo en el espacio educativo durante la ma\u00f1ana de este jueves con la presencia del intendente Carlos Selva y las autoridades educativas. Hubo un sentido acto y presencia de la comunidad educativa. Se entregaron computadoras y elementos inform\u00e1ticos.<\/p>\n<p>Se trata de la\u00a0Escuela de Educaci\u00f3n Agraria N\u00b0 1 \u201cIng. Hugo Miatello\u201d. Los elementos son un aporte para la construcci\u00f3n de un aula inform\u00e1tica.<\/p>\n<p>En un encuentro desarrollado en el sal\u00f3n de actos del establecimiento, el Intendente Municipal Carlos Selva entrego a la Directora Sandra Almada, 6 computadoras completas, 6 estabilizadores de tensi\u00f3n, 6 mesas especiales para el uso de las mismas, y 12 sillas acondicionadas a tal efecto.<\/p>\n<p>En el acto el alumno Leandro Rodriguez interpreto el Himno Nacional Argentino con su arm\u00f3nica, y luego la Directora del lugar Sandra Almada hizo uso de la palabra \u201cagradeciendo la visita y la agradable sorpresa de recibir estos elementos\u00a0con los cuales nos adelantamos a cumplir el sue\u00f1o que ten\u00edamos, que era concretar la sala de inform\u00e1tica\u201d<\/p>\n<p>En el final el Intendente Municipal Carlos Selva, indico que <em>\u201cvamos a hacer este mismo tipo de entregas pr\u00f3ximamente en la Escuelas T\u00e9cnica N\u00b0 1 y la T\u00e9cnica N\u00b0 2 de Gowland.\u201d.<\/em><\/p>\n<p><img loading=\"lazy\" decoding=\"async\" data-attachment-id=\"23587\" data-permalink=\"https:\/\/www.hoymercedes.com.ar\/principal\/2013\/07\/12\/carlos-selva-entrego-computadoras-a-escuela-agraria\/selva-pc-agraria\/#main\" data-orig-file=\"https:\/\/www.hoymercedes.com.ar\/principal\/wp-content\/uploads\/2013\/07\/selva.pc_.agraria.jpg\" data-orig-size=\"620,413\" data-comments-opened=\"1\" data-image-meta=\"{&quot;aperture&quot;:&quot;4.5&quot;,&quot;credit&quot;:&quot;&quot;,&quot;camera&quot;:&quot;NIKON D3100&quot;,&quot;caption&quot;:&quot;&quot;,&quot;created_timestamp&quot;:&quot;1373212191&quot;,&quot;copyright&quot;:&quot;&quot;,&quot;focal_length&quot;:&quot;28&quot;,&quot;iso&quot;:&quot;3200&quot;,&quot;shutter_speed&quot;:&quot;0.016666666666667&quot;,&quot;title&quot;:&quot;&quot;}\" data-image-title=\"selva.pc.agraria\" data-image-description=\"\" data-image-caption=\"\" data-large-file=\"https:\/\/www.hoymercedes.com.ar\/principal\/wp-content\/uploads\/2013\/07\/selva.pc_.agraria.jpg\" class=\"aligncenter size-full wp-image-23587\" alt=\"selva.pc.agraria\" src=\"https:\/\/www.hoymercedes.com.ar\/principal\/wp-content\/uploads\/2013\/07\/selva.pc_.agraria.jpg\" width=\"620\" height=\"413\" srcset=\"https:\/\/www.hoymercedes.com.ar\/principal\/wp-content\/uploads\/2013\/07\/selva.pc_.agraria.jpg 620w, https:\/\/www.hoymercedes.com.ar\/principal\/wp-content\/uploads\/2013\/07\/selva.pc_.agraria-300x199.jpg 300w\" sizes=\"auto, (max-width: 620px) 100vw, 620px\" \/><\/p>\n","protected":false},"excerpt":{"rendered":"<p>El acto se llev\u00f3 \u00a0a cabo en el espacio educativo durante la ma\u00f1ana de este jueves con la presencia del &#8230; <a title=\"Carlos Selva entreg\u00f3 computadoras a Escuela Agraria\" class=\"read-more\" href=\"https:\/\/www.hoymercedes.com.ar\/principal\/2013\/07\/12\/carlos-selva-entrego-computadoras-a-escuela-agraria\/\" aria-label=\"Leer m\u00e1s sobre Carlos Selva entreg\u00f3 computadoras a Escuela Agraria\">Leer m\u00e1s<\/a><\/p>\n","protected":false},"author":1,"featured_media":0,"comment_status":"open","ping_status":"open","sticky":false,"template":"","format":"standard","meta":{"_monsterinsights_skip_tracking":false,"_monsterinsights_sitenote_active":false,"_monsterinsights_sitenote_note":"","_monsterinsights_sitenote_category":0,"jetpack_post_was_ever_published":false,"_jetpack_newsletter_access":"","_jetpack_dont_email_post_to_subs":false,"_jetpack_newsletter_tier_id":0,"_jetpack_memberships_contains_paywalled_content":false,"_jetpack_memberships_contains_paid_content":false,"footnotes":"","jetpack_publicize_message":"","jetpack_publicize_feature_enabled":true,"jetpack_social_post_already_shared":true,"jetpack_social_options":{"image_generator_settings":{"template":"highway","default_image_id":0,"font":"","enabled":false},"version":2},"_wpas_customize_per_network":false},"categories":[23],"tags":[39,3641,10],"class_list":["post-23585","post","type-post","status-publish","format-standard","hentry","category-educacion","tag-carlos-selva","tag-escuela-agraria","tag-mercedes","generate-columns","tablet-grid-50","mobile-grid-100","grid-parent","grid-50"],"jetpack_publicize_connections":[],"jetpack_featured_media_url":"","wps_subtitle":"","jetpack_sharing_enabled":true,"_links":{"self":[{"href":"https:\/\/www.hoymercedes.com.ar\/principal\/wp-json\/wp\/v2\/posts\/23585","targetHints":{"allow":["GET"]}}],"collection":[{"href":"https:\/\/www.hoymercedes.com.ar\/principal\/wp-json\/wp\/v2\/posts"}],"about":[{"href":"https:\/\/www.hoymercedes.com.ar\/principal\/wp-json\/wp\/v2\/types\/post"}],"author":[{"embeddable":true,"href":"https:\/\/www.hoymercedes.com.ar\/principal\/wp-json\/wp\/v2\/users\/1"}],"replies":[{"embeddable":true,"href":"https:\/\/www.hoymercedes.com.ar\/principal\/wp-json\/wp\/v2\/comments?post=23585"}],"version-history":[{"count":0,"href":"https:\/\/www.hoymercedes.com.ar\/principal\/wp-json\/wp\/v2\/posts\/23585\/revisions"}],"wp:attachment":[{"href":"https:\/\/www.hoymercedes.com.ar\/principal\/wp-json\/wp\/v2\/media?parent=23585"}],"wp:term":[{"taxonomy":"category","embeddable":true,"href":"https:\/\/www.hoymercedes.com.ar\/principal\/wp-json\/wp\/v2\/categories?post=23585"},{"taxonomy":"post_tag","embeddable":true,"href":"https:\/\/www.hoymercedes.com.ar\/principal\/wp-json\/wp\/v2\/tags?post=23585"}],"curies":[{"name":"wp","href":"https:\/\/api.w.org\/{rel}","templated":true}]}}